{"id":10889,"date":"2023-04-11T15:55:31","date_gmt":"2023-04-11T12:55:31","guid":{"rendered":"https:\/\/www.ifjerusalem-romaingary.org\/?p=10889"},"modified":"2023-04-18T17:52:03","modified_gmt":"2023-04-18T14:52:03","slug":"sonia-devillers-et-annette-wieviorka-dialogue-entre-recits-et-histoire","status":"publish","type":"post","link":"https:\/\/www.ifjerusalem-romaingary.org\/he\/sonia-devillers-et-annette-wieviorka-dialogue-entre-recits-et-histoire\/","title":{"rendered":"Sonia Devillers et Annette Wieviorka &#8211; Dialogue entre r\u00e9cits et Histoire"},"content":{"rendered":"<p><span style=\"font-weight: 400;\"><b>\ud83d\udcc5 <\/b>Jeudi 27 avril, 19H30\u00a0<\/span><\/p>\n<p><span style=\"font-weight: 400;\">\ud83d\udccd Institut fran\u00e7ais de J\u00e9rusalem &#8211; Romain Gary\u00a0<\/span><\/p>\n<p><strong>Rencontre avec Sonia Devillers et Annette Wieviorka, anim\u00e9e par Marianne Amar\u00a0<\/strong><\/p>\n<p><span style=\"font-weight: 400;\"><strong><img decoding=\"async\" class=\"alignleft size-medium wp-image-10898\" src=\"https:\/\/www.ifjerusalem-romaingary.org\/wp-content\/uploads\/2023\/04\/IMG-6780-229x300.jpg\" alt=\"\" width=\"229\" height=\"300\" srcset=\"https:\/\/www.ifjerusalem-romaingary.org\/wp-content\/uploads\/2023\/04\/IMG-6780-229x300.jpg 229w, https:\/\/www.ifjerusalem-romaingary.org\/wp-content\/uploads\/2023\/04\/IMG-6780.jpg 678w\" sizes=\"(max-width: 229px) 100vw, 229px\" \/>Sonia Devillers<\/strong> publie en 2022 le livre <\/span><i><span style=\"font-weight: 400;\">Les Export\u00e9s<\/span><\/i><span style=\"font-weight: 400;\">. La journaliste y raconte les circonstances historiques qui ont permis \u00e0 ses grands-parents de quitter leur pays derri\u00e8re le \u201crideau de fer\u201d. Revenant sur le trafic d\u2019humains dont des milliers de juifs ont \u00e9t\u00e9 victimes en plein coeur de l\u2019Europe, <strong>Sonia Devillers<\/strong> donnent voix \u00e0 ceux que le r\u00e9gime ne nommait pas, ceux dont on a tu l'innommable v\u00e9rit\u00e9 en m\u00ealant d\u00e9couverte des archives des services secrets roumains et son histoire familiale.\u00a0<\/span><\/p>\n<p><span style=\"font-weight: 400;\">Ancienne journaliste au <\/span><i><span style=\"font-weight: 400;\">Figaro<\/span><\/i><span style=\"font-weight: 400;\">, <strong>Sonia Devillers<\/strong> entre \u00e0 France Inter en 2005 en tant que chroniqueuse dans l\u2019\u00e9mission Service public d\u2019Isabelle Giordano. Elle y propose d\u00e9sormais chaque matin un magazine consacr\u00e9 \u00e0 l\u2019actualit\u00e9 m\u00e9diatique : <\/span><i><span style=\"font-weight: 400;\">L\u2019instant M<\/span><\/i><span style=\"font-weight: 400;\">. Elle rejoint en 2022 l\u2019\u00e9quipe du 7\/9.30 de Nicolas Demorand et L\u00e9a Salam\u00e9 avec L\u2019invit\u00e9 de 9h10. Parall\u00e8lement, elle rejoint Arte \u00e0 l\u2019automne 2022, o\u00f9 elle pr\u00e9sente le \u201cLe dessous des images\u201d, un magazine qui revient sur la construction et l\u2019impact des images sur notre interpr\u00e9tation et notre fa\u00e7on de voir le monde.\u00a0<\/span><\/p>\n<p><span style=\"font-weight: 400;\"><strong>\u00a0<img decoding=\"async\" class=\"alignleft size-medium wp-image-10902\" src=\"https:\/\/www.ifjerusalem-romaingary.org\/wp-content\/uploads\/2023\/04\/IMG-6782-235x300.jpg\" alt=\"\" width=\"235\" height=\"300\" srcset=\"https:\/\/www.ifjerusalem-romaingary.org\/wp-content\/uploads\/2023\/04\/IMG-6782-235x300.jpg 235w, https:\/\/www.ifjerusalem-romaingary.org\/wp-content\/uploads\/2023\/04\/IMG-6782.jpg 706w\" sizes=\"(max-width: 235px) 100vw, 235px\" \/>Annette Wieviorka<\/strong> est une historienne fran\u00e7aise, sp\u00e9cialiste de la Shoah et de l\u2019histoire des Juifs au XX\u00e8me si\u00e8cle. Auteure d\u2019une th\u00e8se \u201cD\u00e9portation et g\u00e9nocide : entre la m\u00e9moire et l\u2019oubli, 1943-1948 : le cas des juifs en France\u201d elle est aussi \u00e0 l\u2019origine de nombreuses publications, comme r\u00e9cemment <em>Tombeaux : Autobiographie de ma famille,<\/em> publi\u00e9 aux \u00e9ditions <\/span><i><span style=\"font-weight: 400;\">Le Seuil <\/span><\/i><span style=\"font-weight: 400;\">en 2022. Dans ce roman autobiographique, Annette Wieviorka r\u00e9fl\u00e9chit aux traces laiss\u00e9es par tous les \u00eatres disparus qui constituent sa famille, une famille juive malmen\u00e9e par l\u2019Histoire, d\u00e9voilant un \u00e9clairage plus personnel sur l\u2019histoire de l\u2019occupation nazie.\u00a0<\/span><\/p>\n<p>&nbsp;<\/p>\n<p>&nbsp;<\/p>\n<p><span style=\"font-weight: 400;\">Entre r\u00e9cits personnels et Histoire, les deux autrices \u00e9changeront sur la fa\u00e7on dont les r\u00e9cits de vie et les \u00e9v\u00e9nements historiques s\u2019entrem\u00ealent pour faire l\u2019Histoire de l\u2019humanit\u00e9.<\/span><\/p>\n<p><span style=\"font-weight: 400;\"><img decoding=\"async\" class=\"alignleft wp-image-10904\" src=\"https:\/\/www.ifjerusalem-romaingary.org\/wp-content\/uploads\/2023\/04\/IMG-6785-300x300.jpg\" alt=\"\" width=\"236\" height=\"236\" srcset=\"https:\/\/www.ifjerusalem-romaingary.org\/wp-content\/uploads\/2023\/04\/IMG-6785-300x300.jpg 300w, https:\/\/www.ifjerusalem-romaingary.org\/wp-content\/uploads\/2023\/04\/IMG-6785-150x150.jpg 150w, https:\/\/www.ifjerusalem-romaingary.org\/wp-content\/uploads\/2023\/04\/IMG-6785.jpg 724w\" sizes=\"(max-width: 236px) 100vw, 236px\" \/><\/span><span style=\"font-weight: 400;\">La discussion sera anim\u00e9e par <strong>Marianne Amar<\/strong>, historienne, <em>Fellow<\/em> de l'Institut Convergences Migrations. Elle est sp\u00e9cialiste des migrations, mobilit\u00e9s et diasporas aux XIX\u00e8me et XX\u00e8me si\u00e8cles. Autrice de plusieurs ouvrages tels que <em>Migrations d\u2019\u00e9lites : Une histoire-monde (XVIe-XXIe si\u00e8cle)<\/em> ou encore <em>M\u00e9moires des migrations, temps de l\u2019histoire. <\/em>Elle est <\/span>aussi responsable de la recherche au Mus\u00e9e national de l\u2019histoire de l\u2019immigration.<\/p>\n<p>&nbsp;<\/p>\n<p>&nbsp;<\/p>\n<p>&nbsp;<\/p>\n<p>&nbsp;<\/p>\n<p>&nbsp;<\/p>\n<p><strong>Meeting with Sonia Devillers and Annette Wieviorka, hosted by Marianne Amar\u00a0<\/strong><\/p>\n<p><span style=\"font-weight: 400;\">In 2022, Sonia Devillers published the book Les Export\u00e9s <\/span><i><span style=\"font-weight: 400;\">(Exported ones<\/span><\/i><span style=\"font-weight: 400;\">). In it, the journalist recounts the historical circumstances that allowed her grandparents to leave their country behind the &quot;Iron Curtain&quot;. Going back over the human trafficking of which thousands of Jews were victims in the heart of Europe, Sonia Devillers gives voice to those whom the communist regime did not name, those whose unspeakable truth was kept quiet, by mixing the discovery of the archives of the Romanian secret services and her family history.\u00a0<\/span><\/p>\n<p><span style=\"font-weight: 400;\">A former journalist at Le Figaro, Sonia Devillers joined France Inter in 2005 as a columnist on Isabelle Giordano's programme Service public. Every morning, she presents a magazine devoted to media news : L'instant M. In 2022, she joins the 7\/9.30 team of Nicolas Demorand and L\u00e9a<\/span><\/p>\n<p><span style=\"font-weight: 400;\">Salam\u00e9 on L'invit\u00e9 de 9h10. At the same time, she joined the french-german channel Arte in the autumn of 2022, where she presents &quot;Le dessous des images&quot; (The underside of pictures), a magazine that looks at the construction and impact of images on our interpretation and our way of seeing the world.\u00a0<\/span><\/p>\n<p><span style=\"font-weight: 400;\">Annette Wieviorka is a French historian specializing in the Shoah and the history of the Jews in the 20th century. Author of a thesis &quot;Deportation and genocide : between memory and oblivion, 1943-1948 : the case of the Jews in France&quot;, she is also the author of numerous publications, such as recently &quot;Tombeaux : Autobiographie de ma famille&quot; <\/span><i><span style=\"font-weight: 400;\">(Tombs : Autobiography of my family) <\/span><\/i><span style=\"font-weight: 400;\">, published by Le Seuil in 2022. In this autobiographical novel, Annette Wieviorka reflects on the traces left by all the missing people who make up her family, a Jewish family that has been mishandled by History, revealing a more personal perspective on the history of the Nazi occupation.\u00a0<\/span><\/p>\n<p><span style=\"font-weight: 400;\">Between personal stories and history, the two authors will discuss how life stories and historical events intertwine to make the history of humanity. The discussion will be moderated by Marianne Amar, historian, specialist in migrations, mobilities and diasporas in the 19th and 20th centuries. Author of several books such as &quot;Migrations d'\u00e9lites : Une histoire-monde (XVI\u00e8me-XXI\u00e8me si\u00e8cle)&quot;<\/span><i><span style=\"font-weight: 400;\">(Migration of Elites : A World History (16th- 21st centuries)) <\/span><\/i><span style=\"font-weight: 400;\">and &quot;M\u00e9moires des migrations, temps de l'histoire&quot; <\/span><i><span style=\"font-weight: 400;\">(Memories of migration, time of history)<\/span><\/i><span style=\"font-weight: 400;\">, she is currently in charge of research at the Mus\u00e9e de l'histoire de l'immigration.\u00a0<\/span><\/p>\n<p><span style=\"font-weight: 400;\">The lectures are held in French, but can be translated into English on request. Please do not hesitate to contact us for any further information.<\/span><\/p>\n<p>&nbsp;<\/p>\n","protected":false},"excerpt":{"rendered":"<p>\ud83d\udcc5 Jeudi 27 avril, 19H30\u00a0 \ud83d\udccd Institut fran\u00e7ais de J\u00e9rusalem &#8211; Romain Gary\u00a0 Rencontre avec Sonia Devillers et Annette Wieviorka, anim\u00e9e par Marianne Amar\u00a0 Sonia Devillers publie en 2022 le livre Les Export\u00e9s. La journaliste y raconte les circonstances historiques qui ont permis \u00e0 ses grands-parents de quitter leur pays derri\u00e8re le \u201crideau de fer\u201d. &hellip;<\/p>\n","protected":false},"author":1,"featured_media":10923,"comment_status":"closed","ping_status":"closed","sticky":false,"template":"","format":"standard","meta":{"_exactmetrics_skip_tracking":false,"_exactmetrics_sitenote_active":false,"_exactmetrics_sitenote_note":"","_exactmetrics_sitenote_category":0,"footnotes":""},"categories":[94,55],"tags":[],"class_list":["post-10889","post","type-post","status-publish","format-standard","has-post-thumbnail","","category-agenda-culturel","category-diaporama"],"yoast_head":"<!-- This site is optimized with the Yoast SEO plugin v26.6 - https:\/\/yoast.com\/wordpress\/plugins\/seo\/ -->\n<title>Sonia Devillers et Annette Wieviorka - Dialogue entre r\u00e9cits et Histoire - Institut Fran\u00e7ais de J\u00e9rusalem<\/title>\n<meta name=\"robots\" content=\"index, follow, max-snippet:-1, max-image-preview:large, max-video-preview:-1\" \/>\n<link rel=\"canonical\" href=\"https:\/\/www.ifjerusalem-romaingary.org\/he\/sonia-devillers-et-annette-wieviorka-dialogue-entre-recits-et-histoire\/\" \/>\n<meta property=\"og:locale\" content=\"he_IL\" \/>\n<meta property=\"og:type\" content=\"article\" \/>\n<meta property=\"og:title\" content=\"Sonia Devillers et Annette Wieviorka - Dialogue entre r\u00e9cits et Histoire - Institut Fran\u00e7ais de J\u00e9rusalem\" \/>\n<meta property=\"og:description\" content=\"\ud83d\udcc5 Jeudi 27 avril, 19H30\u00a0 \ud83d\udccd Institut fran\u00e7ais de J\u00e9rusalem &#8211; Romain Gary\u00a0 Rencontre avec Sonia Devillers et Annette Wieviorka, anim\u00e9e par Marianne Amar\u00a0 Sonia Devillers publie en 2022 le livre Les Export\u00e9s. La journaliste y raconte les circonstances historiques qui ont permis \u00e0 ses grands-parents de quitter leur pays derri\u00e8re le \u201crideau de fer\u201d. &hellip;\" \/>\n<meta property=\"og:url\" content=\"https:\/\/www.ifjerusalem-romaingary.org\/he\/sonia-devillers-et-annette-wieviorka-dialogue-entre-recits-et-histoire\/\" \/>\n<meta property=\"og:site_name\" content=\"Institut Fran\u00e7ais de J\u00e9rusalem\" \/>\n<meta property=\"article:publisher\" content=\"https:\/\/www.facebook.com\/IFJGary\/\" \/>\n<meta property=\"article:published_time\" content=\"2023-04-11T12:55:31+00:00\" \/>\n<meta property=\"article:modified_time\" content=\"2023-04-18T14:52:03+00:00\" \/>\n<meta property=\"og:image\" content=\"https:\/\/www.ifjerusalem-romaingary.org\/wp-content\/uploads\/2023\/04\/presentation-SD_AW_MA.jpg\" \/>\n\t<meta property=\"og:image:width\" content=\"1640\" \/>\n\t<meta property=\"og:image:height\" content=\"924\" \/>\n\t<meta property=\"og:image:type\" content=\"image\/jpeg\" \/>\n<meta name=\"author\" content=\"admin1386\" \/>\n<meta name=\"twitter:card\" content=\"summary_large_image\" \/>\n<meta name=\"twitter:creator\" content=\"@ifjromaingary\" \/>\n<meta name=\"twitter:site\" content=\"@ifjromaingary\" \/>\n<meta name=\"twitter:label1\" content=\"\u05e0\u05db\u05ea\u05d1 \u05e2\u05dc \u05d9\u05d3\" \/>\n\t<meta name=\"twitter:data1\" content=\"admin1386\" \/>\n\t<meta name=\"twitter:label2\" content=\"\u05d6\u05de\u05df \u05e7\u05e8\u05d9\u05d0\u05d4 \u05de\u05d5\u05e2\u05e8\u05da\" \/>\n\t<meta name=\"twitter:data2\" content=\"5 \u05d3\u05e7\u05d5\u05ea\" \/>\n<script type=\"application\/ld+json\" class=\"yoast-schema-graph\">{\"@context\":\"https:\/\/schema.org\",\"@graph\":[{\"@type\":\"Article\",\"@id\":\"https:\/\/www.ifjerusalem-romaingary.org\/he\/sonia-devillers-et-annette-wieviorka-dialogue-entre-recits-et-histoire\/#article\",\"isPartOf\":{\"@id\":\"https:\/\/www.ifjerusalem-romaingary.org\/he\/sonia-devillers-et-annette-wieviorka-dialogue-entre-recits-et-histoire\/\"},\"author\":{\"name\":\"admin1386\",\"@id\":\"https:\/\/www.ifjerusalem-romaingary.org\/he\/#\/schema\/person\/5fcfb7145c5a116fdb70cc016962c61c\"},\"headline\":\"Sonia Devillers et Annette Wieviorka &#8211; Dialogue entre r\u00e9cits et Histoire\",\"datePublished\":\"2023-04-11T12:55:31+00:00\",\"dateModified\":\"2023-04-18T14:52:03+00:00\",\"mainEntityOfPage\":{\"@id\":\"https:\/\/www.ifjerusalem-romaingary.org\/he\/sonia-devillers-et-annette-wieviorka-dialogue-entre-recits-et-histoire\/\"},\"wordCount\":868,\"publisher\":{\"@id\":\"https:\/\/www.ifjerusalem-romaingary.org\/he\/#organization\"},\"image\":{\"@id\":\"https:\/\/www.ifjerusalem-romaingary.org\/he\/sonia-devillers-et-annette-wieviorka-dialogue-entre-recits-et-histoire\/#primaryimage\"},\"thumbnailUrl\":\"https:\/\/www.ifjerusalem-romaingary.org\/wp-content\/uploads\/2023\/04\/presentation-SD_AW_MA.jpg\",\"articleSection\":[\"Agenda culturel\",\"Diaporama\"],\"inLanguage\":\"he-IL\"},{\"@type\":\"WebPage\",\"@id\":\"https:\/\/www.ifjerusalem-romaingary.org\/he\/sonia-devillers-et-annette-wieviorka-dialogue-entre-recits-et-histoire\/\",\"url\":\"https:\/\/www.ifjerusalem-romaingary.org\/he\/sonia-devillers-et-annette-wieviorka-dialogue-entre-recits-et-histoire\/\",\"name\":\"Sonia Devillers et Annette Wieviorka - Dialogue entre r\u00e9cits et Histoire - Institut Fran\u00e7ais de J\u00e9rusalem\",\"isPartOf\":{\"@id\":\"https:\/\/www.ifjerusalem-romaingary.org\/he\/#website\"},\"primaryImageOfPage\":{\"@id\":\"https:\/\/www.ifjerusalem-romaingary.org\/he\/sonia-devillers-et-annette-wieviorka-dialogue-entre-recits-et-histoire\/#primaryimage\"},\"image\":{\"@id\":\"https:\/\/www.ifjerusalem-romaingary.org\/he\/sonia-devillers-et-annette-wieviorka-dialogue-entre-recits-et-histoire\/#primaryimage\"},\"thumbnailUrl\":\"https:\/\/www.ifjerusalem-romaingary.org\/wp-content\/uploads\/2023\/04\/presentation-SD_AW_MA.jpg\",\"datePublished\":\"2023-04-11T12:55:31+00:00\",\"dateModified\":\"2023-04-18T14:52:03+00:00\",\"breadcrumb\":{\"@id\":\"https:\/\/www.ifjerusalem-romaingary.org\/he\/sonia-devillers-et-annette-wieviorka-dialogue-entre-recits-et-histoire\/#breadcrumb\"},\"inLanguage\":\"he-IL\",\"potentialAction\":[{\"@type\":\"ReadAction\",\"target\":[\"https:\/\/www.ifjerusalem-romaingary.org\/he\/sonia-devillers-et-annette-wieviorka-dialogue-entre-recits-et-histoire\/\"]}]},{\"@type\":\"ImageObject\",\"inLanguage\":\"he-IL\",\"@id\":\"https:\/\/www.ifjerusalem-romaingary.org\/he\/sonia-devillers-et-annette-wieviorka-dialogue-entre-recits-et-histoire\/#primaryimage\",\"url\":\"https:\/\/www.ifjerusalem-romaingary.org\/wp-content\/uploads\/2023\/04\/presentation-SD_AW_MA.jpg\",\"contentUrl\":\"https:\/\/www.ifjerusalem-romaingary.org\/wp-content\/uploads\/2023\/04\/presentation-SD_AW_MA.jpg\",\"width\":1640,\"height\":924},{\"@type\":\"BreadcrumbList\",\"@id\":\"https:\/\/www.ifjerusalem-romaingary.org\/he\/sonia-devillers-et-annette-wieviorka-dialogue-entre-recits-et-histoire\/#breadcrumb\",\"itemListElement\":[{\"@type\":\"ListItem\",\"position\":1,\"name\":\"Accueil\",\"item\":\"https:\/\/www.ifjerusalem-romaingary.org\/he\/accueil\/\"},{\"@type\":\"ListItem\",\"position\":2,\"name\":\"Sonia Devillers et Annette Wieviorka &#8211; Dialogue entre r\u00e9cits et Histoire\"}]},{\"@type\":\"WebSite\",\"@id\":\"https:\/\/www.ifjerusalem-romaingary.org\/he\/#website\",\"url\":\"https:\/\/www.ifjerusalem-romaingary.org\/he\/\",\"name\":\"Institut Fran\u00e7ais de J\u00e9rusalem\",\"description\":\"Romain Gary\",\"publisher\":{\"@id\":\"https:\/\/www.ifjerusalem-romaingary.org\/he\/#organization\"},\"potentialAction\":[{\"@type\":\"SearchAction\",\"target\":{\"@type\":\"EntryPoint\",\"urlTemplate\":\"https:\/\/www.ifjerusalem-romaingary.org\/he\/?s={search_term_string}\"},\"query-input\":{\"@type\":\"PropertyValueSpecification\",\"valueRequired\":true,\"valueName\":\"search_term_string\"}}],\"inLanguage\":\"he-IL\"},{\"@type\":\"Organization\",\"@id\":\"https:\/\/www.ifjerusalem-romaingary.org\/he\/#organization\",\"name\":\"Institut fran\u00e7ais de Jerusalem\",\"url\":\"https:\/\/www.ifjerusalem-romaingary.org\/he\/\",\"logo\":{\"@type\":\"ImageObject\",\"inLanguage\":\"he-IL\",\"@id\":\"https:\/\/www.ifjerusalem-romaingary.org\/he\/#\/schema\/logo\/image\/\",\"url\":\"https:\/\/www.ifjerusalem-romaingary.org\/wp-content\/uploads\/2020\/01\/logo-Cons-Jerusalem-IFJ-2016@2x.png\",\"contentUrl\":\"https:\/\/www.ifjerusalem-romaingary.org\/wp-content\/uploads\/2020\/01\/logo-Cons-Jerusalem-IFJ-2016@2x.png\",\"width\":480,\"height\":163,\"caption\":\"Institut fran\u00e7ais de Jerusalem\"},\"image\":{\"@id\":\"https:\/\/www.ifjerusalem-romaingary.org\/he\/#\/schema\/logo\/image\/\"},\"sameAs\":[\"https:\/\/www.facebook.com\/IFJGary\/\",\"https:\/\/x.com\/ifjromaingary\"]},{\"@type\":\"Person\",\"@id\":\"https:\/\/www.ifjerusalem-romaingary.org\/he\/#\/schema\/person\/5fcfb7145c5a116fdb70cc016962c61c\",\"name\":\"admin1386\",\"image\":{\"@type\":\"ImageObject\",\"inLanguage\":\"he-IL\",\"@id\":\"https:\/\/www.ifjerusalem-romaingary.org\/he\/#\/schema\/person\/image\/\",\"url\":\"https:\/\/secure.gravatar.com\/avatar\/d77e1c333179dcba6ae9bb7b69103738277c9e907cbad663f818876524fadbd9?s=96&d=mm&r=g\",\"contentUrl\":\"https:\/\/secure.gravatar.com\/avatar\/d77e1c333179dcba6ae9bb7b69103738277c9e907cbad663f818876524fadbd9?s=96&d=mm&r=g\",\"caption\":\"admin1386\"}}]}<\/script>\n<!-- \/ Yoast SEO plugin. -->","yoast_head_json":{"title":"Sonia Devillers et Annette Wieviorka - Dialogue entre r\u00e9cits et Histoire - Institut Fran\u00e7ais de J\u00e9rusalem","robots":{"index":"index","follow":"follow","max-snippet":"max-snippet:-1","max-image-preview":"max-image-preview:large","max-video-preview":"max-video-preview:-1"},"canonical":"https:\/\/www.ifjerusalem-romaingary.org\/he\/sonia-devillers-et-annette-wieviorka-dialogue-entre-recits-et-histoire\/","og_locale":"he_IL","og_type":"article","og_title":"Sonia Devillers et Annette Wieviorka - Dialogue entre r\u00e9cits et Histoire - Institut Fran\u00e7ais de J\u00e9rusalem","og_description":"\ud83d\udcc5 Jeudi 27 avril, 19H30\u00a0 \ud83d\udccd Institut fran\u00e7ais de J\u00e9rusalem &#8211; Romain Gary\u00a0 Rencontre avec Sonia Devillers et Annette Wieviorka, anim\u00e9e par Marianne Amar\u00a0 Sonia Devillers publie en 2022 le livre Les Export\u00e9s. La journaliste y raconte les circonstances historiques qui ont permis \u00e0 ses grands-parents de quitter leur pays derri\u00e8re le \u201crideau de fer\u201d. &hellip;","og_url":"https:\/\/www.ifjerusalem-romaingary.org\/he\/sonia-devillers-et-annette-wieviorka-dialogue-entre-recits-et-histoire\/","og_site_name":"Institut Fran\u00e7ais de J\u00e9rusalem","article_publisher":"https:\/\/www.facebook.com\/IFJGary\/","article_published_time":"2023-04-11T12:55:31+00:00","article_modified_time":"2023-04-18T14:52:03+00:00","og_image":[{"width":1640,"height":924,"url":"https:\/\/www.ifjerusalem-romaingary.org\/wp-content\/uploads\/2023\/04\/presentation-SD_AW_MA.jpg","type":"image\/jpeg"}],"author":"admin1386","twitter_card":"summary_large_image","twitter_creator":"@ifjromaingary","twitter_site":"@ifjromaingary","twitter_misc":{"\u05e0\u05db\u05ea\u05d1 \u05e2\u05dc \u05d9\u05d3":"admin1386","\u05d6\u05de\u05df \u05e7\u05e8\u05d9\u05d0\u05d4 \u05de\u05d5\u05e2\u05e8\u05da":"5 \u05d3\u05e7\u05d5\u05ea"},"schema":{"@context":"https:\/\/schema.org","@graph":[{"@type":"Article","@id":"https:\/\/www.ifjerusalem-romaingary.org\/he\/sonia-devillers-et-annette-wieviorka-dialogue-entre-recits-et-histoire\/#article","isPartOf":{"@id":"https:\/\/www.ifjerusalem-romaingary.org\/he\/sonia-devillers-et-annette-wieviorka-dialogue-entre-recits-et-histoire\/"},"author":{"name":"admin1386","@id":"https:\/\/www.ifjerusalem-romaingary.org\/he\/#\/schema\/person\/5fcfb7145c5a116fdb70cc016962c61c"},"headline":"Sonia Devillers et Annette Wieviorka &#8211; Dialogue entre r\u00e9cits et Histoire","datePublished":"2023-04-11T12:55:31+00:00","dateModified":"2023-04-18T14:52:03+00:00","mainEntityOfPage":{"@id":"https:\/\/www.ifjerusalem-romaingary.org\/he\/sonia-devillers-et-annette-wieviorka-dialogue-entre-recits-et-histoire\/"},"wordCount":868,"publisher":{"@id":"https:\/\/www.ifjerusalem-romaingary.org\/he\/#organization"},"image":{"@id":"https:\/\/www.ifjerusalem-romaingary.org\/he\/sonia-devillers-et-annette-wieviorka-dialogue-entre-recits-et-histoire\/#primaryimage"},"thumbnailUrl":"https:\/\/www.ifjerusalem-romaingary.org\/wp-content\/uploads\/2023\/04\/presentation-SD_AW_MA.jpg","articleSection":["Agenda culturel","Diaporama"],"inLanguage":"he-IL"},{"@type":"WebPage","@id":"https:\/\/www.ifjerusalem-romaingary.org\/he\/sonia-devillers-et-annette-wieviorka-dialogue-entre-recits-et-histoire\/","url":"https:\/\/www.ifjerusalem-romaingary.org\/he\/sonia-devillers-et-annette-wieviorka-dialogue-entre-recits-et-histoire\/","name":"Sonia Devillers et Annette Wieviorka - Dialogue entre r\u00e9cits et Histoire - Institut Fran\u00e7ais de J\u00e9rusalem","isPartOf":{"@id":"https:\/\/www.ifjerusalem-romaingary.org\/he\/#website"},"primaryImageOfPage":{"@id":"https:\/\/www.ifjerusalem-romaingary.org\/he\/sonia-devillers-et-annette-wieviorka-dialogue-entre-recits-et-histoire\/#primaryimage"},"image":{"@id":"https:\/\/www.ifjerusalem-romaingary.org\/he\/sonia-devillers-et-annette-wieviorka-dialogue-entre-recits-et-histoire\/#primaryimage"},"thumbnailUrl":"https:\/\/www.ifjerusalem-romaingary.org\/wp-content\/uploads\/2023\/04\/presentation-SD_AW_MA.jpg","datePublished":"2023-04-11T12:55:31+00:00","dateModified":"2023-04-18T14:52:03+00:00","breadcrumb":{"@id":"https:\/\/www.ifjerusalem-romaingary.org\/he\/sonia-devillers-et-annette-wieviorka-dialogue-entre-recits-et-histoire\/#breadcrumb"},"inLanguage":"he-IL","potentialAction":[{"@type":"ReadAction","target":["https:\/\/www.ifjerusalem-romaingary.org\/he\/sonia-devillers-et-annette-wieviorka-dialogue-entre-recits-et-histoire\/"]}]},{"@type":"ImageObject","inLanguage":"he-IL","@id":"https:\/\/www.ifjerusalem-romaingary.org\/he\/sonia-devillers-et-annette-wieviorka-dialogue-entre-recits-et-histoire\/#primaryimage","url":"https:\/\/www.ifjerusalem-romaingary.org\/wp-content\/uploads\/2023\/04\/presentation-SD_AW_MA.jpg","contentUrl":"https:\/\/www.ifjerusalem-romaingary.org\/wp-content\/uploads\/2023\/04\/presentation-SD_AW_MA.jpg","width":1640,"height":924},{"@type":"BreadcrumbList","@id":"https:\/\/www.ifjerusalem-romaingary.org\/he\/sonia-devillers-et-annette-wieviorka-dialogue-entre-recits-et-histoire\/#breadcrumb","itemListElement":[{"@type":"ListItem","position":1,"name":"Accueil","item":"https:\/\/www.ifjerusalem-romaingary.org\/he\/accueil\/"},{"@type":"ListItem","position":2,"name":"Sonia Devillers et Annette Wieviorka &#8211; Dialogue entre r\u00e9cits et Histoire"}]},{"@type":"WebSite","@id":"https:\/\/www.ifjerusalem-romaingary.org\/he\/#website","url":"https:\/\/www.ifjerusalem-romaingary.org\/he\/","name":"Institut Fran\u00e7ais de J\u00e9rusalem","description":"Romain Gary","publisher":{"@id":"https:\/\/www.ifjerusalem-romaingary.org\/he\/#organization"},"potentialAction":[{"@type":"SearchAction","target":{"@type":"EntryPoint","urlTemplate":"https:\/\/www.ifjerusalem-romaingary.org\/he\/?s={search_term_string}"},"query-input":{"@type":"PropertyValueSpecification","valueRequired":true,"valueName":"search_term_string"}}],"inLanguage":"he-IL"},{"@type":"Organization","@id":"https:\/\/www.ifjerusalem-romaingary.org\/he\/#organization","name":"Institut fran\u00e7ais de Jerusalem","url":"https:\/\/www.ifjerusalem-romaingary.org\/he\/","logo":{"@type":"ImageObject","inLanguage":"he-IL","@id":"https:\/\/www.ifjerusalem-romaingary.org\/he\/#\/schema\/logo\/image\/","url":"https:\/\/www.ifjerusalem-romaingary.org\/wp-content\/uploads\/2020\/01\/logo-Cons-Jerusalem-IFJ-2016@2x.png","contentUrl":"https:\/\/www.ifjerusalem-romaingary.org\/wp-content\/uploads\/2020\/01\/logo-Cons-Jerusalem-IFJ-2016@2x.png","width":480,"height":163,"caption":"Institut fran\u00e7ais de Jerusalem"},"image":{"@id":"https:\/\/www.ifjerusalem-romaingary.org\/he\/#\/schema\/logo\/image\/"},"sameAs":["https:\/\/www.facebook.com\/IFJGary\/","https:\/\/x.com\/ifjromaingary"]},{"@type":"Person","@id":"https:\/\/www.ifjerusalem-romaingary.org\/he\/#\/schema\/person\/5fcfb7145c5a116fdb70cc016962c61c","name":"admin1386","image":{"@type":"ImageObject","inLanguage":"he-IL","@id":"https:\/\/www.ifjerusalem-romaingary.org\/he\/#\/schema\/person\/image\/","url":"https:\/\/secure.gravatar.com\/avatar\/d77e1c333179dcba6ae9bb7b69103738277c9e907cbad663f818876524fadbd9?s=96&d=mm&r=g","contentUrl":"https:\/\/secure.gravatar.com\/avatar\/d77e1c333179dcba6ae9bb7b69103738277c9e907cbad663f818876524fadbd9?s=96&d=mm&r=g","caption":"admin1386"}}]}},"_links":{"self":[{"href":"https:\/\/www.ifjerusalem-romaingary.org\/he\/wp-json\/wp\/v2\/posts\/10889","targetHints":{"allow":["GET"]}}],"collection":[{"href":"https:\/\/www.ifjerusalem-romaingary.org\/he\/wp-json\/wp\/v2\/posts"}],"about":[{"href":"https:\/\/www.ifjerusalem-romaingary.org\/he\/wp-json\/wp\/v2\/types\/post"}],"author":[{"embeddable":true,"href":"https:\/\/www.ifjerusalem-romaingary.org\/he\/wp-json\/wp\/v2\/users\/1"}],"replies":[{"embeddable":true,"href":"https:\/\/www.ifjerusalem-romaingary.org\/he\/wp-json\/wp\/v2\/comments?post=10889"}],"version-history":[{"count":6,"href":"https:\/\/www.ifjerusalem-romaingary.org\/he\/wp-json\/wp\/v2\/posts\/10889\/revisions"}],"predecessor-version":[{"id":10925,"href":"https:\/\/www.ifjerusalem-romaingary.org\/he\/wp-json\/wp\/v2\/posts\/10889\/revisions\/10925"}],"wp:featuredmedia":[{"embeddable":true,"href":"https:\/\/www.ifjerusalem-romaingary.org\/he\/wp-json\/wp\/v2\/media\/10923"}],"wp:attachment":[{"href":"https:\/\/www.ifjerusalem-romaingary.org\/he\/wp-json\/wp\/v2\/media?parent=10889"}],"wp:term":[{"taxonomy":"category","embeddable":true,"href":"https:\/\/www.ifjerusalem-romaingary.org\/he\/wp-json\/wp\/v2\/categories?post=10889"},{"taxonomy":"post_tag","embeddable":true,"href":"https:\/\/www.ifjerusalem-romaingary.org\/he\/wp-json\/wp\/v2\/tags?post=10889"}],"curies":[{"name":"wp","href":"https:\/\/api.w.org\/{rel}","templated":true}]}}