{"id":10957,"date":"2023-06-10T22:24:09","date_gmt":"2023-06-10T19:24:09","guid":{"rendered":"https:\/\/www.ifjerusalem-romaingary.org\/?p=10957"},"modified":"2023-06-14T12:13:27","modified_gmt":"2023-06-14T09:13:27","slug":"portes-ouvertes-a-linstitut-francais-de-jerusalem-romain-gary","status":"publish","type":"post","link":"https:\/\/www.ifjerusalem-romaingary.org\/he\/portes-ouvertes-a-linstitut-francais-de-jerusalem-romain-gary\/","title":{"rendered":"PORTES OUVERTES \u00c0 L\u2019INSTITUT FRAN\u00c7AIS DE J\u00c9RUSALEM \u2013 ROMAIN GARY"},"content":{"rendered":"<p><span style=\"font-weight: 400;\"><b>\ud83d\udcc5 <\/b>Jeudi 22 juin 2023\u00a0<\/span><\/p>\n<p><span style=\"font-weight: 400;\">\u00c0 20h\u00a0<\/span><\/p>\n<p><span style=\"font-weight: 400;\">\ud83d\udccd Dans les locaux de l\u2019Institut fran\u00e7ais de J\u00e9rusalem \u2013 Romain Gary, situ\u00e9s au 35 rue Hillel \u00e0 J\u00e9rusalem\u00a0<\/span><\/p>\n<p><span style=\"font-weight: 400;\">L\u2019Institut fran\u00e7ais de J\u00e9rusalem \u2013 Romain Gary vous invite \u00e0 venir rencontrer son \u00e9quipe et l\u2019\u00e9quipe de la boulangerie p\u00e2tisserie Moulin Dor\u00e9 dans le cadre de ses portes ouvertes\u00a0! Vous pourrez ainsi venir \u00e9changer avec nous pour d\u00e9couvrir l\u2019ensemble de notre offre culturelle autour d\u2019un buffet au cours duquel nous serons \u00e0 l\u2019\u00e9coute de toutes vos suggestions\u00a0!\u00a0<\/span><\/p>\n<p><span style=\"font-weight: 400;\">Tarif d\u2019entr\u00e9e\u00a0: 100 \u20aa\u00a0<\/span><\/p>\n<p><span style=\"font-weight: 400;\">R\u00e9servation : https:\/\/www.eventbrite.com\/e\/billets-portes-ouvertes-a-linstitut-francais-de-jerusalem-romain-gary-657573819997<\/span><\/p>\n<p>&nbsp;<\/p>\n<p><b>OPEN HOUSE AT THE FRENCH INSTITUTE OF J\u00c9RUSALEM &#8211; ROMAIN GARY<\/b><\/p>\n<p><span style=\"font-weight: 400;\">Thursday, June 22, 2023\u00a0<\/span><\/p>\n<p><span style=\"font-weight: 400;\">At 8pm\u00a0<\/span><\/p>\n<p><span style=\"font-weight: 400;\">\ud83d\udccd At the French Institute of Jerusalem &#8211; Romain Gary, 35 Hillel Street, Jerusalem\u00a0<\/span><\/p>\n<p><span style=\"font-weight: 400;\">The French Institute &#8211; Romain Gary invites you to come and meet its team and the team from the Moulin Dor\u00e9 bakery and patisserie as part of its open house! Come and join us to discover our full range of cultural offers over a buffet, during which we'll be happy to hear any suggestions you may have!<\/span><\/p>\n<p><span style=\"font-weight: 400;\">Entrance: 100 \u20aa<\/span><\/p>\n<p><span style=\"font-weight: 400;\">Reservation : https:\/\/www.eventbrite.com\/e\/billets-portes-ouvertes-a-linstitut-francais-de-jerusalem-romain-gary-657573819997<\/span><\/p>\n","protected":false},"excerpt":{"rendered":"<p>\ud83d\udcc5 Jeudi 22 juin 2023\u00a0 \u00c0 20h\u00a0 \ud83d\udccd Dans les locaux de l\u2019Institut fran\u00e7ais de J\u00e9rusalem \u2013 Romain Gary, situ\u00e9s au 35 rue Hillel \u00e0 J\u00e9rusalem\u00a0 L\u2019Institut fran\u00e7ais de J\u00e9rusalem \u2013 Romain Gary vous invite \u00e0 venir rencontrer son \u00e9quipe et l\u2019\u00e9quipe de la boulangerie p\u00e2tisserie Moulin Dor\u00e9 dans le cadre de ses portes ouvertes\u00a0! &hellip;<\/p>\n","protected":false},"author":1,"featured_media":11043,"comment_status":"closed","ping_status":"closed","sticky":false,"template":"","format":"standard","meta":{"_exactmetrics_skip_tracking":false,"_exactmetrics_sitenote_active":false,"_exactmetrics_sitenote_note":"","_exactmetrics_sitenote_category":0,"footnotes":""},"categories":[91,94,55],"tags":[],"class_list":["post-10957","post","type-post","status-publish","format-standard","has-post-thumbnail","","category-a-la-une","category-agenda-culturel","category-diaporama"],"yoast_head":"<!-- This site is optimized with the Yoast SEO plugin v26.6 - https:\/\/yoast.com\/wordpress\/plugins\/seo\/ -->\n<title>PORTES OUVERTES \u00c0 L\u2019INSTITUT FRAN\u00c7AIS DE J\u00c9RUSALEM \u2013 ROMAIN GARY - Institut Fran\u00e7ais de J\u00e9rusalem<\/title>\n<meta name=\"robots\" content=\"index, follow, max-snippet:-1, max-image-preview:large, max-video-preview:-1\" \/>\n<link rel=\"canonical\" href=\"https:\/\/www.ifjerusalem-romaingary.org\/he\/portes-ouvertes-a-linstitut-francais-de-jerusalem-romain-gary\/\" \/>\n<meta property=\"og:locale\" content=\"he_IL\" \/>\n<meta property=\"og:type\" content=\"article\" \/>\n<meta property=\"og:title\" content=\"PORTES OUVERTES \u00c0 L\u2019INSTITUT FRAN\u00c7AIS DE J\u00c9RUSALEM \u2013 ROMAIN GARY - Institut Fran\u00e7ais de J\u00e9rusalem\" \/>\n<meta property=\"og:description\" content=\"\ud83d\udcc5 Jeudi 22 juin 2023\u00a0 \u00c0 20h\u00a0 \ud83d\udccd Dans les locaux de l\u2019Institut fran\u00e7ais de J\u00e9rusalem \u2013 Romain Gary, situ\u00e9s au 35 rue Hillel \u00e0 J\u00e9rusalem\u00a0 L\u2019Institut fran\u00e7ais de J\u00e9rusalem \u2013 Romain Gary vous invite \u00e0 venir rencontrer son \u00e9quipe et l\u2019\u00e9quipe de la boulangerie p\u00e2tisserie Moulin Dor\u00e9 dans le cadre de ses portes ouvertes\u00a0! &hellip;\" \/>\n<meta property=\"og:url\" content=\"https:\/\/www.ifjerusalem-romaingary.org\/he\/portes-ouvertes-a-linstitut-francais-de-jerusalem-romain-gary\/\" \/>\n<meta property=\"og:site_name\" content=\"Institut Fran\u00e7ais de J\u00e9rusalem\" \/>\n<meta property=\"article:publisher\" content=\"https:\/\/www.facebook.com\/IFJGary\/\" \/>\n<meta property=\"article:published_time\" content=\"2023-06-10T19:24:09+00:00\" \/>\n<meta property=\"article:modified_time\" content=\"2023-06-14T09:13:27+00:00\" \/>\n<meta property=\"og:image\" content=\"https:\/\/www.ifjerusalem-romaingary.org\/wp-content\/uploads\/2023\/06\/7.png\" \/>\n\t<meta property=\"og:image:width\" content=\"1640\" \/>\n\t<meta property=\"og:image:height\" content=\"924\" \/>\n\t<meta property=\"og:image:type\" content=\"image\/png\" \/>\n<meta name=\"author\" content=\"admin1386\" \/>\n<meta name=\"twitter:card\" content=\"summary_large_image\" \/>\n<meta name=\"twitter:creator\" content=\"@ifjromaingary\" \/>\n<meta name=\"twitter:site\" content=\"@ifjromaingary\" \/>\n<meta name=\"twitter:label1\" content=\"\u05e0\u05db\u05ea\u05d1 \u05e2\u05dc \u05d9\u05d3\" \/>\n\t<meta name=\"twitter:data1\" content=\"admin1386\" \/>\n\t<meta name=\"twitter:label2\" content=\"\u05d6\u05de\u05df \u05e7\u05e8\u05d9\u05d0\u05d4 \u05de\u05d5\u05e2\u05e8\u05da\" \/>\n\t<meta name=\"twitter:data2\" content=\"\u05d3\u05e7\u05d41\" \/>\n<script type=\"application\/ld+json\" class=\"yoast-schema-graph\">{\"@context\":\"https:\/\/schema.org\",\"@graph\":[{\"@type\":\"Article\",\"@id\":\"https:\/\/www.ifjerusalem-romaingary.org\/he\/portes-ouvertes-a-linstitut-francais-de-jerusalem-romain-gary\/#article\",\"isPartOf\":{\"@id\":\"https:\/\/www.ifjerusalem-romaingary.org\/he\/portes-ouvertes-a-linstitut-francais-de-jerusalem-romain-gary\/\"},\"author\":{\"name\":\"admin1386\",\"@id\":\"https:\/\/www.ifjerusalem-romaingary.org\/he\/#\/schema\/person\/5fcfb7145c5a116fdb70cc016962c61c\"},\"headline\":\"PORTES OUVERTES \u00c0 L\u2019INSTITUT FRAN\u00c7AIS DE J\u00c9RUSALEM \u2013 ROMAIN GARY\",\"datePublished\":\"2023-06-10T19:24:09+00:00\",\"dateModified\":\"2023-06-14T09:13:27+00:00\",\"mainEntityOfPage\":{\"@id\":\"https:\/\/www.ifjerusalem-romaingary.org\/he\/portes-ouvertes-a-linstitut-francais-de-jerusalem-romain-gary\/\"},\"wordCount\":203,\"publisher\":{\"@id\":\"https:\/\/www.ifjerusalem-romaingary.org\/he\/#organization\"},\"image\":{\"@id\":\"https:\/\/www.ifjerusalem-romaingary.org\/he\/portes-ouvertes-a-linstitut-francais-de-jerusalem-romain-gary\/#primaryimage\"},\"thumbnailUrl\":\"https:\/\/www.ifjerusalem-romaingary.org\/wp-content\/uploads\/2023\/06\/7.png\",\"articleSection\":[\"\u00c0 LA UNE\",\"Agenda culturel\",\"Diaporama\"],\"inLanguage\":\"he-IL\"},{\"@type\":\"WebPage\",\"@id\":\"https:\/\/www.ifjerusalem-romaingary.org\/he\/portes-ouvertes-a-linstitut-francais-de-jerusalem-romain-gary\/\",\"url\":\"https:\/\/www.ifjerusalem-romaingary.org\/he\/portes-ouvertes-a-linstitut-francais-de-jerusalem-romain-gary\/\",\"name\":\"PORTES OUVERTES \u00c0 L\u2019INSTITUT FRAN\u00c7AIS DE J\u00c9RUSALEM \u2013 ROMAIN GARY - Institut Fran\u00e7ais de J\u00e9rusalem\",\"isPartOf\":{\"@id\":\"https:\/\/www.ifjerusalem-romaingary.org\/he\/#website\"},\"primaryImageOfPage\":{\"@id\":\"https:\/\/www.ifjerusalem-romaingary.org\/he\/portes-ouvertes-a-linstitut-francais-de-jerusalem-romain-gary\/#primaryimage\"},\"image\":{\"@id\":\"https:\/\/www.ifjerusalem-romaingary.org\/he\/portes-ouvertes-a-linstitut-francais-de-jerusalem-romain-gary\/#primaryimage\"},\"thumbnailUrl\":\"https:\/\/www.ifjerusalem-romaingary.org\/wp-content\/uploads\/2023\/06\/7.png\",\"datePublished\":\"2023-06-10T19:24:09+00:00\",\"dateModified\":\"2023-06-14T09:13:27+00:00\",\"breadcrumb\":{\"@id\":\"https:\/\/www.ifjerusalem-romaingary.org\/he\/portes-ouvertes-a-linstitut-francais-de-jerusalem-romain-gary\/#breadcrumb\"},\"inLanguage\":\"he-IL\",\"potentialAction\":[{\"@type\":\"ReadAction\",\"target\":[\"https:\/\/www.ifjerusalem-romaingary.org\/he\/portes-ouvertes-a-linstitut-francais-de-jerusalem-romain-gary\/\"]}]},{\"@type\":\"ImageObject\",\"inLanguage\":\"he-IL\",\"@id\":\"https:\/\/www.ifjerusalem-romaingary.org\/he\/portes-ouvertes-a-linstitut-francais-de-jerusalem-romain-gary\/#primaryimage\",\"url\":\"https:\/\/www.ifjerusalem-romaingary.org\/wp-content\/uploads\/2023\/06\/7.png\",\"contentUrl\":\"https:\/\/www.ifjerusalem-romaingary.org\/wp-content\/uploads\/2023\/06\/7.png\",\"width\":1640,\"height\":924},{\"@type\":\"BreadcrumbList\",\"@id\":\"https:\/\/www.ifjerusalem-romaingary.org\/he\/portes-ouvertes-a-linstitut-francais-de-jerusalem-romain-gary\/#breadcrumb\",\"itemListElement\":[{\"@type\":\"ListItem\",\"position\":1,\"name\":\"Accueil\",\"item\":\"https:\/\/www.ifjerusalem-romaingary.org\/he\/accueil\/\"},{\"@type\":\"ListItem\",\"position\":2,\"name\":\"PORTES OUVERTES \u00c0 L\u2019INSTITUT FRAN\u00c7AIS DE J\u00c9RUSALEM \u2013 ROMAIN GARY\"}]},{\"@type\":\"WebSite\",\"@id\":\"https:\/\/www.ifjerusalem-romaingary.org\/he\/#website\",\"url\":\"https:\/\/www.ifjerusalem-romaingary.org\/he\/\",\"name\":\"Institut Fran\u00e7ais de J\u00e9rusalem\",\"description\":\"Romain Gary\",\"publisher\":{\"@id\":\"https:\/\/www.ifjerusalem-romaingary.org\/he\/#organization\"},\"potentialAction\":[{\"@type\":\"SearchAction\",\"target\":{\"@type\":\"EntryPoint\",\"urlTemplate\":\"https:\/\/www.ifjerusalem-romaingary.org\/he\/?s={search_term_string}\"},\"query-input\":{\"@type\":\"PropertyValueSpecification\",\"valueRequired\":true,\"valueName\":\"search_term_string\"}}],\"inLanguage\":\"he-IL\"},{\"@type\":\"Organization\",\"@id\":\"https:\/\/www.ifjerusalem-romaingary.org\/he\/#organization\",\"name\":\"Institut fran\u00e7ais de Jerusalem\",\"url\":\"https:\/\/www.ifjerusalem-romaingary.org\/he\/\",\"logo\":{\"@type\":\"ImageObject\",\"inLanguage\":\"he-IL\",\"@id\":\"https:\/\/www.ifjerusalem-romaingary.org\/he\/#\/schema\/logo\/image\/\",\"url\":\"https:\/\/www.ifjerusalem-romaingary.org\/wp-content\/uploads\/2020\/01\/logo-Cons-Jerusalem-IFJ-2016@2x.png\",\"contentUrl\":\"https:\/\/www.ifjerusalem-romaingary.org\/wp-content\/uploads\/2020\/01\/logo-Cons-Jerusalem-IFJ-2016@2x.png\",\"width\":480,\"height\":163,\"caption\":\"Institut fran\u00e7ais de Jerusalem\"},\"image\":{\"@id\":\"https:\/\/www.ifjerusalem-romaingary.org\/he\/#\/schema\/logo\/image\/\"},\"sameAs\":[\"https:\/\/www.facebook.com\/IFJGary\/\",\"https:\/\/x.com\/ifjromaingary\"]},{\"@type\":\"Person\",\"@id\":\"https:\/\/www.ifjerusalem-romaingary.org\/he\/#\/schema\/person\/5fcfb7145c5a116fdb70cc016962c61c\",\"name\":\"admin1386\",\"image\":{\"@type\":\"ImageObject\",\"inLanguage\":\"he-IL\",\"@id\":\"https:\/\/www.ifjerusalem-romaingary.org\/he\/#\/schema\/person\/image\/\",\"url\":\"https:\/\/secure.gravatar.com\/avatar\/d77e1c333179dcba6ae9bb7b69103738277c9e907cbad663f818876524fadbd9?s=96&d=mm&r=g\",\"contentUrl\":\"https:\/\/secure.gravatar.com\/avatar\/d77e1c333179dcba6ae9bb7b69103738277c9e907cbad663f818876524fadbd9?s=96&d=mm&r=g\",\"caption\":\"admin1386\"}}]}<\/script>\n<!-- \/ Yoast SEO plugin. -->","yoast_head_json":{"title":"PORTES OUVERTES \u00c0 L\u2019INSTITUT FRAN\u00c7AIS DE J\u00c9RUSALEM \u2013 ROMAIN GARY - Institut Fran\u00e7ais de J\u00e9rusalem","robots":{"index":"index","follow":"follow","max-snippet":"max-snippet:-1","max-image-preview":"max-image-preview:large","max-video-preview":"max-video-preview:-1"},"canonical":"https:\/\/www.ifjerusalem-romaingary.org\/he\/portes-ouvertes-a-linstitut-francais-de-jerusalem-romain-gary\/","og_locale":"he_IL","og_type":"article","og_title":"PORTES OUVERTES \u00c0 L\u2019INSTITUT FRAN\u00c7AIS DE J\u00c9RUSALEM \u2013 ROMAIN GARY - Institut Fran\u00e7ais de J\u00e9rusalem","og_description":"\ud83d\udcc5 Jeudi 22 juin 2023\u00a0 \u00c0 20h\u00a0 \ud83d\udccd Dans les locaux de l\u2019Institut fran\u00e7ais de J\u00e9rusalem \u2013 Romain Gary, situ\u00e9s au 35 rue Hillel \u00e0 J\u00e9rusalem\u00a0 L\u2019Institut fran\u00e7ais de J\u00e9rusalem \u2013 Romain Gary vous invite \u00e0 venir rencontrer son \u00e9quipe et l\u2019\u00e9quipe de la boulangerie p\u00e2tisserie Moulin Dor\u00e9 dans le cadre de ses portes ouvertes\u00a0! &hellip;","og_url":"https:\/\/www.ifjerusalem-romaingary.org\/he\/portes-ouvertes-a-linstitut-francais-de-jerusalem-romain-gary\/","og_site_name":"Institut Fran\u00e7ais de J\u00e9rusalem","article_publisher":"https:\/\/www.facebook.com\/IFJGary\/","article_published_time":"2023-06-10T19:24:09+00:00","article_modified_time":"2023-06-14T09:13:27+00:00","og_image":[{"width":1640,"height":924,"url":"https:\/\/www.ifjerusalem-romaingary.org\/wp-content\/uploads\/2023\/06\/7.png","type":"image\/png"}],"author":"admin1386","twitter_card":"summary_large_image","twitter_creator":"@ifjromaingary","twitter_site":"@ifjromaingary","twitter_misc":{"\u05e0\u05db\u05ea\u05d1 \u05e2\u05dc \u05d9\u05d3":"admin1386","\u05d6\u05de\u05df \u05e7\u05e8\u05d9\u05d0\u05d4 \u05de\u05d5\u05e2\u05e8\u05da":"\u05d3\u05e7\u05d41"},"schema":{"@context":"https:\/\/schema.org","@graph":[{"@type":"Article","@id":"https:\/\/www.ifjerusalem-romaingary.org\/he\/portes-ouvertes-a-linstitut-francais-de-jerusalem-romain-gary\/#article","isPartOf":{"@id":"https:\/\/www.ifjerusalem-romaingary.org\/he\/portes-ouvertes-a-linstitut-francais-de-jerusalem-romain-gary\/"},"author":{"name":"admin1386","@id":"https:\/\/www.ifjerusalem-romaingary.org\/he\/#\/schema\/person\/5fcfb7145c5a116fdb70cc016962c61c"},"headline":"PORTES OUVERTES \u00c0 L\u2019INSTITUT FRAN\u00c7AIS DE J\u00c9RUSALEM \u2013 ROMAIN GARY","datePublished":"2023-06-10T19:24:09+00:00","dateModified":"2023-06-14T09:13:27+00:00","mainEntityOfPage":{"@id":"https:\/\/www.ifjerusalem-romaingary.org\/he\/portes-ouvertes-a-linstitut-francais-de-jerusalem-romain-gary\/"},"wordCount":203,"publisher":{"@id":"https:\/\/www.ifjerusalem-romaingary.org\/he\/#organization"},"image":{"@id":"https:\/\/www.ifjerusalem-romaingary.org\/he\/portes-ouvertes-a-linstitut-francais-de-jerusalem-romain-gary\/#primaryimage"},"thumbnailUrl":"https:\/\/www.ifjerusalem-romaingary.org\/wp-content\/uploads\/2023\/06\/7.png","articleSection":["\u00c0 LA UNE","Agenda culturel","Diaporama"],"inLanguage":"he-IL"},{"@type":"WebPage","@id":"https:\/\/www.ifjerusalem-romaingary.org\/he\/portes-ouvertes-a-linstitut-francais-de-jerusalem-romain-gary\/","url":"https:\/\/www.ifjerusalem-romaingary.org\/he\/portes-ouvertes-a-linstitut-francais-de-jerusalem-romain-gary\/","name":"PORTES OUVERTES \u00c0 L\u2019INSTITUT FRAN\u00c7AIS DE J\u00c9RUSALEM \u2013 ROMAIN GARY - Institut Fran\u00e7ais de J\u00e9rusalem","isPartOf":{"@id":"https:\/\/www.ifjerusalem-romaingary.org\/he\/#website"},"primaryImageOfPage":{"@id":"https:\/\/www.ifjerusalem-romaingary.org\/he\/portes-ouvertes-a-linstitut-francais-de-jerusalem-romain-gary\/#primaryimage"},"image":{"@id":"https:\/\/www.ifjerusalem-romaingary.org\/he\/portes-ouvertes-a-linstitut-francais-de-jerusalem-romain-gary\/#primaryimage"},"thumbnailUrl":"https:\/\/www.ifjerusalem-romaingary.org\/wp-content\/uploads\/2023\/06\/7.png","datePublished":"2023-06-10T19:24:09+00:00","dateModified":"2023-06-14T09:13:27+00:00","breadcrumb":{"@id":"https:\/\/www.ifjerusalem-romaingary.org\/he\/portes-ouvertes-a-linstitut-francais-de-jerusalem-romain-gary\/#breadcrumb"},"inLanguage":"he-IL","potentialAction":[{"@type":"ReadAction","target":["https:\/\/www.ifjerusalem-romaingary.org\/he\/portes-ouvertes-a-linstitut-francais-de-jerusalem-romain-gary\/"]}]},{"@type":"ImageObject","inLanguage":"he-IL","@id":"https:\/\/www.ifjerusalem-romaingary.org\/he\/portes-ouvertes-a-linstitut-francais-de-jerusalem-romain-gary\/#primaryimage","url":"https:\/\/www.ifjerusalem-romaingary.org\/wp-content\/uploads\/2023\/06\/7.png","contentUrl":"https:\/\/www.ifjerusalem-romaingary.org\/wp-content\/uploads\/2023\/06\/7.png","width":1640,"height":924},{"@type":"BreadcrumbList","@id":"https:\/\/www.ifjerusalem-romaingary.org\/he\/portes-ouvertes-a-linstitut-francais-de-jerusalem-romain-gary\/#breadcrumb","itemListElement":[{"@type":"ListItem","position":1,"name":"Accueil","item":"https:\/\/www.ifjerusalem-romaingary.org\/he\/accueil\/"},{"@type":"ListItem","position":2,"name":"PORTES OUVERTES \u00c0 L\u2019INSTITUT FRAN\u00c7AIS DE J\u00c9RUSALEM \u2013 ROMAIN GARY"}]},{"@type":"WebSite","@id":"https:\/\/www.ifjerusalem-romaingary.org\/he\/#website","url":"https:\/\/www.ifjerusalem-romaingary.org\/he\/","name":"Institut Fran\u00e7ais de J\u00e9rusalem","description":"Romain Gary","publisher":{"@id":"https:\/\/www.ifjerusalem-romaingary.org\/he\/#organization"},"potentialAction":[{"@type":"SearchAction","target":{"@type":"EntryPoint","urlTemplate":"https:\/\/www.ifjerusalem-romaingary.org\/he\/?s={search_term_string}"},"query-input":{"@type":"PropertyValueSpecification","valueRequired":true,"valueName":"search_term_string"}}],"inLanguage":"he-IL"},{"@type":"Organization","@id":"https:\/\/www.ifjerusalem-romaingary.org\/he\/#organization","name":"Institut fran\u00e7ais de Jerusalem","url":"https:\/\/www.ifjerusalem-romaingary.org\/he\/","logo":{"@type":"ImageObject","inLanguage":"he-IL","@id":"https:\/\/www.ifjerusalem-romaingary.org\/he\/#\/schema\/logo\/image\/","url":"https:\/\/www.ifjerusalem-romaingary.org\/wp-content\/uploads\/2020\/01\/logo-Cons-Jerusalem-IFJ-2016@2x.png","contentUrl":"https:\/\/www.ifjerusalem-romaingary.org\/wp-content\/uploads\/2020\/01\/logo-Cons-Jerusalem-IFJ-2016@2x.png","width":480,"height":163,"caption":"Institut fran\u00e7ais de Jerusalem"},"image":{"@id":"https:\/\/www.ifjerusalem-romaingary.org\/he\/#\/schema\/logo\/image\/"},"sameAs":["https:\/\/www.facebook.com\/IFJGary\/","https:\/\/x.com\/ifjromaingary"]},{"@type":"Person","@id":"https:\/\/www.ifjerusalem-romaingary.org\/he\/#\/schema\/person\/5fcfb7145c5a116fdb70cc016962c61c","name":"admin1386","image":{"@type":"ImageObject","inLanguage":"he-IL","@id":"https:\/\/www.ifjerusalem-romaingary.org\/he\/#\/schema\/person\/image\/","url":"https:\/\/secure.gravatar.com\/avatar\/d77e1c333179dcba6ae9bb7b69103738277c9e907cbad663f818876524fadbd9?s=96&d=mm&r=g","contentUrl":"https:\/\/secure.gravatar.com\/avatar\/d77e1c333179dcba6ae9bb7b69103738277c9e907cbad663f818876524fadbd9?s=96&d=mm&r=g","caption":"admin1386"}}]}},"_links":{"self":[{"href":"https:\/\/www.ifjerusalem-romaingary.org\/he\/wp-json\/wp\/v2\/posts\/10957","targetHints":{"allow":["GET"]}}],"collection":[{"href":"https:\/\/www.ifjerusalem-romaingary.org\/he\/wp-json\/wp\/v2\/posts"}],"about":[{"href":"https:\/\/www.ifjerusalem-romaingary.org\/he\/wp-json\/wp\/v2\/types\/post"}],"author":[{"embeddable":true,"href":"https:\/\/www.ifjerusalem-romaingary.org\/he\/wp-json\/wp\/v2\/users\/1"}],"replies":[{"embeddable":true,"href":"https:\/\/www.ifjerusalem-romaingary.org\/he\/wp-json\/wp\/v2\/comments?post=10957"}],"version-history":[{"count":2,"href":"https:\/\/www.ifjerusalem-romaingary.org\/he\/wp-json\/wp\/v2\/posts\/10957\/revisions"}],"predecessor-version":[{"id":11052,"href":"https:\/\/www.ifjerusalem-romaingary.org\/he\/wp-json\/wp\/v2\/posts\/10957\/revisions\/11052"}],"wp:featuredmedia":[{"embeddable":true,"href":"https:\/\/www.ifjerusalem-romaingary.org\/he\/wp-json\/wp\/v2\/media\/11043"}],"wp:attachment":[{"href":"https:\/\/www.ifjerusalem-romaingary.org\/he\/wp-json\/wp\/v2\/media?parent=10957"}],"wp:term":[{"taxonomy":"category","embeddable":true,"href":"https:\/\/www.ifjerusalem-romaingary.org\/he\/wp-json\/wp\/v2\/categories?post=10957"},{"taxonomy":"post_tag","embeddable":true,"href":"https:\/\/www.ifjerusalem-romaingary.org\/he\/wp-json\/wp\/v2\/tags?post=10957"}],"curies":[{"name":"wp","href":"https:\/\/api.w.org\/{rel}","templated":true}]}}