{"id":11506,"date":"2024-10-14T17:25:25","date_gmt":"2024-10-14T14:25:25","guid":{"rendered":"https:\/\/www.ifjerusalem-romaingary.org\/?p=11506"},"modified":"2024-11-26T16:38:04","modified_gmt":"2024-11-26T14:38:04","slug":"concert-special-francophonie","status":"publish","type":"post","link":"https:\/\/www.ifjerusalem-romaingary.org\/he\/concert-special-francophonie\/","title":{"rendered":"CONCERT SP\u00c9CIAL FRANCOPHONIE"},"content":{"rendered":"<p><strong>CONCERT SP\u00c9CIAL FRANCOPHONIE<\/strong><\/p>\n<p><strong>JEUDI 28 NOVEMBRE<\/strong><\/p>\n<p><strong>\u00c0 19H<\/strong><\/p>\n<p>Dans le cadre du XIXe sommet de la Francophonie qui s\u2019est tenu d\u00e9but octobre \u00e0 Villers-Cotter\u00eats et de l\u2019inauguration de la Cit\u00e9 internationale de la langue fran\u00e7aise, l\u2019institut fran\u00e7ais de J\u00e9rusalem Romain Gary vous propose une soir\u00e9e cabaret de chansons fran\u00e7aises d\u2019hier et d\u2019aujourd\u2019hui.<\/p>\n<p><img decoding=\"async\" class=\" wp-image-11507 alignleft\" src=\"https:\/\/www.ifjerusalem-romaingary.org\/wp-content\/uploads\/2024\/10\/Photo-Gilad-Petranker-300x256.jpg\" alt=\"\" width=\"163\" height=\"139\" srcset=\"https:\/\/www.ifjerusalem-romaingary.org\/wp-content\/uploads\/2024\/10\/Photo-Gilad-Petranker-300x256.jpg 300w, https:\/\/www.ifjerusalem-romaingary.org\/wp-content\/uploads\/2024\/10\/Photo-Gilad-Petranker-768x655.jpg 768w, https:\/\/www.ifjerusalem-romaingary.org\/wp-content\/uploads\/2024\/10\/Photo-Gilad-Petranker.jpg 1006w\" sizes=\"(max-width: 163px) 100vw, 163px\" \/><\/p>\n<p>&nbsp;<\/p>\n<p>&nbsp;<\/p>\n<p>&nbsp;<\/p>\n<p>&nbsp;<\/p>\n<p><em><strong>\u00a9 <\/strong><\/em>Yoel Levy<\/p>\n<p><strong>Gilad Petranker<\/strong><\/p>\n<p>Chanteur baryton, Gilad chante de la musique classique &#8211; principalement de la Renaissance et du baroque, mais aussi du r\u00e9pertoire populaire. Nous sommes heureux de compter Gilad parmi les \u00e9l\u00e8ves de cours de fran\u00e7ais de l'IFJ Romain Gary pour la deuxi\u00e8me ann\u00e9e.<\/p>\n<p><img decoding=\"async\" class=\" wp-image-11509 alignleft\" src=\"https:\/\/www.ifjerusalem-romaingary.org\/wp-content\/uploads\/2024\/10\/Photo-Sacha-Voach-169x300.jpg\" alt=\"\" width=\"158\" height=\"280\" srcset=\"https:\/\/www.ifjerusalem-romaingary.org\/wp-content\/uploads\/2024\/10\/Photo-Sacha-Voach-169x300.jpg 169w, https:\/\/www.ifjerusalem-romaingary.org\/wp-content\/uploads\/2024\/10\/Photo-Sacha-Voach.jpg 450w\" sizes=\"(max-width: 158px) 100vw, 158px\" \/><\/p>\n<p>&nbsp;<\/p>\n<p>&nbsp;<\/p>\n<p>&nbsp;<\/p>\n<p>&nbsp;<\/p>\n<p>&nbsp;<\/p>\n<p>&nbsp;<\/p>\n<p>&nbsp;<\/p>\n<p><strong>Sasha Volach<\/strong><\/p>\n<p>Apr\u00e8s avoir termin\u00e9 ses \u00e9tudes \u00e0 l\u2019Acad\u00e9mie de musique Tachkent, Sasha a accompagn\u00e9 des chanteurs de l'Op\u00e9ra de Tachkent et a particip\u00e9 aux productions et aux tourn\u00e9es de l'op\u00e9ra dans toute l'Union sovi\u00e9tique. Il a immigr\u00e9 en Isra\u00ebl en 1990 et depuis son arriv\u00e9e, il est pianiste du \u00ab Ch\u0153ur de chambre de Tel Aviv \u00bb.<\/p>\n<p>Il est pianiste accompagnateur dans la classe de chant de l'Acad\u00e9mie. Il enseigne \u00e9galement au Conservatoire de Holon et accompagne des chanteurs de l'Op\u00e9ra isra\u00e9lien.<\/p>\n<p><img decoding=\"async\" class=\" wp-image-11528 alignleft\" src=\"https:\/\/www.ifjerusalem-romaingary.org\/wp-content\/uploads\/2024\/10\/IMG-20241014-WA0012-300x200.jpg\" alt=\"\" width=\"153\" height=\"102\" srcset=\"https:\/\/www.ifjerusalem-romaingary.org\/wp-content\/uploads\/2024\/10\/IMG-20241014-WA0012-300x200.jpg 300w, https:\/\/www.ifjerusalem-romaingary.org\/wp-content\/uploads\/2024\/10\/IMG-20241014-WA0012-768x512.jpg 768w, https:\/\/www.ifjerusalem-romaingary.org\/wp-content\/uploads\/2024\/10\/IMG-20241014-WA0012-310x205.jpg 310w, https:\/\/www.ifjerusalem-romaingary.org\/wp-content\/uploads\/2024\/10\/IMG-20241014-WA0012.jpg 807w\" sizes=\"(max-width: 153px) 100vw, 153px\" \/><\/p>\n<p>&nbsp;<\/p>\n<p>&nbsp;<\/p>\n<p>&nbsp;<\/p>\n<p><strong>Igor<\/strong> <strong>Lozhevskiy<\/strong><\/p>\n<p>Dipl\u00f4m\u00e9 de l'Acad\u00e9mie de Saint-P\u00e9tersbourg en direction d'orchestre, composition et jeu de l'accord\u00e9on, Igor poss\u00e8de un doctorat en accord\u00e9on et en enseignement de la musique.<\/p>\n<p>Avant d'immigrer en Isra\u00ebl en janvier 2024, il \u00e9tait membre d'un groupe qui jouait du jazz, du tango et de la musique fran\u00e7aise. Il est actuellement membre du groupe &quot;Hebrew Song&quot;.<\/p>\n<p>R\u00e9servation conseill\u00e9e :<\/p>\n<p>ou par t\u00e9l\u00e9phone\u00a0: 02-624 31 56<\/p>\n<p>Entr\u00e9e : 30 \u20aa \/ libre pour les abonn\u00e9s de la m\u00e9diath\u00e8que et \u00e9l\u00e8ves de l\u2019IFJ<\/p>\n","protected":false},"excerpt":{"rendered":"<p>CONCERT SP\u00c9CIAL FRANCOPHONIE JEUDI 28 NOVEMBRE \u00c0 19H Dans le cadre du XIXe sommet de la Francophonie qui s\u2019est tenu d\u00e9but octobre \u00e0 Villers-Cotter\u00eats et de l\u2019inauguration de la Cit\u00e9 internationale de la langue fran\u00e7aise, l\u2019institut fran\u00e7ais de J\u00e9rusalem Romain Gary vous propose une soir\u00e9e cabaret de chansons fran\u00e7aises d\u2019hier et d\u2019aujourd\u2019hui. &nbsp; &nbsp; &nbsp; &hellip;<\/p>\n","protected":false},"author":1,"featured_media":11522,"comment_status":"closed","ping_status":"closed","sticky":false,"template":"","format":"standard","meta":{"_exactmetrics_skip_tracking":false,"_exactmetrics_sitenote_active":false,"_exactmetrics_sitenote_note":"","_exactmetrics_sitenote_category":0,"footnotes":""},"categories":[55],"tags":[],"class_list":["post-11506","post","type-post","status-publish","format-standard","has-post-thumbnail","","category-diaporama"],"yoast_head":"<!-- This site is optimized with the Yoast SEO plugin v26.6 - https:\/\/yoast.com\/wordpress\/plugins\/seo\/ -->\n<title>CONCERT SP\u00c9CIAL FRANCOPHONIE - Institut Fran\u00e7ais de J\u00e9rusalem<\/title>\n<meta name=\"robots\" content=\"index, follow, max-snippet:-1, max-image-preview:large, max-video-preview:-1\" \/>\n<link rel=\"canonical\" href=\"https:\/\/www.ifjerusalem-romaingary.org\/he\/concert-special-francophonie\/\" \/>\n<meta property=\"og:locale\" content=\"he_IL\" \/>\n<meta property=\"og:type\" content=\"article\" \/>\n<meta property=\"og:title\" content=\"CONCERT SP\u00c9CIAL FRANCOPHONIE - Institut Fran\u00e7ais de J\u00e9rusalem\" \/>\n<meta property=\"og:description\" content=\"CONCERT SP\u00c9CIAL FRANCOPHONIE JEUDI 28 NOVEMBRE \u00c0 19H Dans le cadre du XIXe sommet de la Francophonie qui s\u2019est tenu d\u00e9but octobre \u00e0 Villers-Cotter\u00eats et de l\u2019inauguration de la Cit\u00e9 internationale de la langue fran\u00e7aise, l\u2019institut fran\u00e7ais de J\u00e9rusalem Romain Gary vous propose une soir\u00e9e cabaret de chansons fran\u00e7aises d\u2019hier et d\u2019aujourd\u2019hui. &nbsp; &nbsp; &nbsp; &hellip;\" \/>\n<meta property=\"og:url\" content=\"https:\/\/www.ifjerusalem-romaingary.org\/he\/concert-special-francophonie\/\" \/>\n<meta property=\"og:site_name\" content=\"Institut Fran\u00e7ais de J\u00e9rusalem\" \/>\n<meta property=\"article:publisher\" content=\"https:\/\/www.facebook.com\/IFJGary\/\" \/>\n<meta property=\"article:published_time\" content=\"2024-10-14T14:25:25+00:00\" \/>\n<meta property=\"article:modified_time\" content=\"2024-11-26T14:38:04+00:00\" \/>\n<meta property=\"og:image\" content=\"https:\/\/www.ifjerusalem-romaingary.org\/wp-content\/uploads\/2024\/10\/TEMPLATE-CABARET-DE-LA-CHANSON-FRANCAISE-1.png\" \/>\n\t<meta property=\"og:image:width\" content=\"1080\" \/>\n\t<meta property=\"og:image:height\" content=\"1080\" \/>\n\t<meta property=\"og:image:type\" content=\"image\/png\" \/>\n<meta name=\"author\" content=\"admin1386\" \/>\n<meta name=\"twitter:card\" content=\"summary_large_image\" \/>\n<meta name=\"twitter:creator\" content=\"@ifjromaingary\" \/>\n<meta name=\"twitter:site\" content=\"@ifjromaingary\" \/>\n<meta name=\"twitter:label1\" content=\"\u05e0\u05db\u05ea\u05d1 \u05e2\u05dc \u05d9\u05d3\" \/>\n\t<meta name=\"twitter:data1\" content=\"admin1386\" \/>\n\t<meta name=\"twitter:label2\" content=\"\u05d6\u05de\u05df \u05e7\u05e8\u05d9\u05d0\u05d4 \u05de\u05d5\u05e2\u05e8\u05da\" \/>\n\t<meta name=\"twitter:data2\" content=\"2 \u05d3\u05e7\u05d5\u05ea\" \/>\n<script type=\"application\/ld+json\" class=\"yoast-schema-graph\">{\"@context\":\"https:\/\/schema.org\",\"@graph\":[{\"@type\":\"Article\",\"@id\":\"https:\/\/www.ifjerusalem-romaingary.org\/he\/concert-special-francophonie\/#article\",\"isPartOf\":{\"@id\":\"https:\/\/www.ifjerusalem-romaingary.org\/he\/concert-special-francophonie\/\"},\"author\":{\"name\":\"admin1386\",\"@id\":\"https:\/\/www.ifjerusalem-romaingary.org\/he\/#\/schema\/person\/5fcfb7145c5a116fdb70cc016962c61c\"},\"headline\":\"CONCERT SP\u00c9CIAL FRANCOPHONIE\",\"datePublished\":\"2024-10-14T14:25:25+00:00\",\"dateModified\":\"2024-11-26T14:38:04+00:00\",\"mainEntityOfPage\":{\"@id\":\"https:\/\/www.ifjerusalem-romaingary.org\/he\/concert-special-francophonie\/\"},\"wordCount\":317,\"publisher\":{\"@id\":\"https:\/\/www.ifjerusalem-romaingary.org\/he\/#organization\"},\"image\":{\"@id\":\"https:\/\/www.ifjerusalem-romaingary.org\/he\/concert-special-francophonie\/#primaryimage\"},\"thumbnailUrl\":\"https:\/\/www.ifjerusalem-romaingary.org\/wp-content\/uploads\/2024\/10\/TEMPLATE-CABARET-DE-LA-CHANSON-FRANCAISE-1.png\",\"articleSection\":[\"Diaporama\"],\"inLanguage\":\"he-IL\"},{\"@type\":\"WebPage\",\"@id\":\"https:\/\/www.ifjerusalem-romaingary.org\/he\/concert-special-francophonie\/\",\"url\":\"https:\/\/www.ifjerusalem-romaingary.org\/he\/concert-special-francophonie\/\",\"name\":\"CONCERT SP\u00c9CIAL FRANCOPHONIE - Institut Fran\u00e7ais de J\u00e9rusalem\",\"isPartOf\":{\"@id\":\"https:\/\/www.ifjerusalem-romaingary.org\/he\/#website\"},\"primaryImageOfPage\":{\"@id\":\"https:\/\/www.ifjerusalem-romaingary.org\/he\/concert-special-francophonie\/#primaryimage\"},\"image\":{\"@id\":\"https:\/\/www.ifjerusalem-romaingary.org\/he\/concert-special-francophonie\/#primaryimage\"},\"thumbnailUrl\":\"https:\/\/www.ifjerusalem-romaingary.org\/wp-content\/uploads\/2024\/10\/TEMPLATE-CABARET-DE-LA-CHANSON-FRANCAISE-1.png\",\"datePublished\":\"2024-10-14T14:25:25+00:00\",\"dateModified\":\"2024-11-26T14:38:04+00:00\",\"breadcrumb\":{\"@id\":\"https:\/\/www.ifjerusalem-romaingary.org\/he\/concert-special-francophonie\/#breadcrumb\"},\"inLanguage\":\"he-IL\",\"potentialAction\":[{\"@type\":\"ReadAction\",\"target\":[\"https:\/\/www.ifjerusalem-romaingary.org\/he\/concert-special-francophonie\/\"]}]},{\"@type\":\"ImageObject\",\"inLanguage\":\"he-IL\",\"@id\":\"https:\/\/www.ifjerusalem-romaingary.org\/he\/concert-special-francophonie\/#primaryimage\",\"url\":\"https:\/\/www.ifjerusalem-romaingary.org\/wp-content\/uploads\/2024\/10\/TEMPLATE-CABARET-DE-LA-CHANSON-FRANCAISE-1.png\",\"contentUrl\":\"https:\/\/www.ifjerusalem-romaingary.org\/wp-content\/uploads\/2024\/10\/TEMPLATE-CABARET-DE-LA-CHANSON-FRANCAISE-1.png\",\"width\":1080,\"height\":1080},{\"@type\":\"BreadcrumbList\",\"@id\":\"https:\/\/www.ifjerusalem-romaingary.org\/he\/concert-special-francophonie\/#breadcrumb\",\"itemListElement\":[{\"@type\":\"ListItem\",\"position\":1,\"name\":\"Accueil\",\"item\":\"https:\/\/www.ifjerusalem-romaingary.org\/he\/accueil\/\"},{\"@type\":\"ListItem\",\"position\":2,\"name\":\"CONCERT SP\u00c9CIAL FRANCOPHONIE\"}]},{\"@type\":\"WebSite\",\"@id\":\"https:\/\/www.ifjerusalem-romaingary.org\/he\/#website\",\"url\":\"https:\/\/www.ifjerusalem-romaingary.org\/he\/\",\"name\":\"Institut Fran\u00e7ais de J\u00e9rusalem\",\"description\":\"Romain Gary\",\"publisher\":{\"@id\":\"https:\/\/www.ifjerusalem-romaingary.org\/he\/#organization\"},\"potentialAction\":[{\"@type\":\"SearchAction\",\"target\":{\"@type\":\"EntryPoint\",\"urlTemplate\":\"https:\/\/www.ifjerusalem-romaingary.org\/he\/?s={search_term_string}\"},\"query-input\":{\"@type\":\"PropertyValueSpecification\",\"valueRequired\":true,\"valueName\":\"search_term_string\"}}],\"inLanguage\":\"he-IL\"},{\"@type\":\"Organization\",\"@id\":\"https:\/\/www.ifjerusalem-romaingary.org\/he\/#organization\",\"name\":\"Institut fran\u00e7ais de Jerusalem\",\"url\":\"https:\/\/www.ifjerusalem-romaingary.org\/he\/\",\"logo\":{\"@type\":\"ImageObject\",\"inLanguage\":\"he-IL\",\"@id\":\"https:\/\/www.ifjerusalem-romaingary.org\/he\/#\/schema\/logo\/image\/\",\"url\":\"https:\/\/www.ifjerusalem-romaingary.org\/wp-content\/uploads\/2020\/01\/logo-Cons-Jerusalem-IFJ-2016@2x.png\",\"contentUrl\":\"https:\/\/www.ifjerusalem-romaingary.org\/wp-content\/uploads\/2020\/01\/logo-Cons-Jerusalem-IFJ-2016@2x.png\",\"width\":480,\"height\":163,\"caption\":\"Institut fran\u00e7ais de Jerusalem\"},\"image\":{\"@id\":\"https:\/\/www.ifjerusalem-romaingary.org\/he\/#\/schema\/logo\/image\/\"},\"sameAs\":[\"https:\/\/www.facebook.com\/IFJGary\/\",\"https:\/\/x.com\/ifjromaingary\"]},{\"@type\":\"Person\",\"@id\":\"https:\/\/www.ifjerusalem-romaingary.org\/he\/#\/schema\/person\/5fcfb7145c5a116fdb70cc016962c61c\",\"name\":\"admin1386\",\"image\":{\"@type\":\"ImageObject\",\"inLanguage\":\"he-IL\",\"@id\":\"https:\/\/www.ifjerusalem-romaingary.org\/he\/#\/schema\/person\/image\/\",\"url\":\"https:\/\/secure.gravatar.com\/avatar\/d77e1c333179dcba6ae9bb7b69103738277c9e907cbad663f818876524fadbd9?s=96&d=mm&r=g\",\"contentUrl\":\"https:\/\/secure.gravatar.com\/avatar\/d77e1c333179dcba6ae9bb7b69103738277c9e907cbad663f818876524fadbd9?s=96&d=mm&r=g\",\"caption\":\"admin1386\"}}]}<\/script>\n<!-- \/ Yoast SEO plugin. -->","yoast_head_json":{"title":"CONCERT SP\u00c9CIAL FRANCOPHONIE - Institut Fran\u00e7ais de J\u00e9rusalem","robots":{"index":"index","follow":"follow","max-snippet":"max-snippet:-1","max-image-preview":"max-image-preview:large","max-video-preview":"max-video-preview:-1"},"canonical":"https:\/\/www.ifjerusalem-romaingary.org\/he\/concert-special-francophonie\/","og_locale":"he_IL","og_type":"article","og_title":"CONCERT SP\u00c9CIAL FRANCOPHONIE - Institut Fran\u00e7ais de J\u00e9rusalem","og_description":"CONCERT SP\u00c9CIAL FRANCOPHONIE JEUDI 28 NOVEMBRE \u00c0 19H Dans le cadre du XIXe sommet de la Francophonie qui s\u2019est tenu d\u00e9but octobre \u00e0 Villers-Cotter\u00eats et de l\u2019inauguration de la Cit\u00e9 internationale de la langue fran\u00e7aise, l\u2019institut fran\u00e7ais de J\u00e9rusalem Romain Gary vous propose une soir\u00e9e cabaret de chansons fran\u00e7aises d\u2019hier et d\u2019aujourd\u2019hui. &nbsp; &nbsp; &nbsp; &hellip;","og_url":"https:\/\/www.ifjerusalem-romaingary.org\/he\/concert-special-francophonie\/","og_site_name":"Institut Fran\u00e7ais de J\u00e9rusalem","article_publisher":"https:\/\/www.facebook.com\/IFJGary\/","article_published_time":"2024-10-14T14:25:25+00:00","article_modified_time":"2024-11-26T14:38:04+00:00","og_image":[{"width":1080,"height":1080,"url":"https:\/\/www.ifjerusalem-romaingary.org\/wp-content\/uploads\/2024\/10\/TEMPLATE-CABARET-DE-LA-CHANSON-FRANCAISE-1.png","type":"image\/png"}],"author":"admin1386","twitter_card":"summary_large_image","twitter_creator":"@ifjromaingary","twitter_site":"@ifjromaingary","twitter_misc":{"\u05e0\u05db\u05ea\u05d1 \u05e2\u05dc \u05d9\u05d3":"admin1386","\u05d6\u05de\u05df \u05e7\u05e8\u05d9\u05d0\u05d4 \u05de\u05d5\u05e2\u05e8\u05da":"2 \u05d3\u05e7\u05d5\u05ea"},"schema":{"@context":"https:\/\/schema.org","@graph":[{"@type":"Article","@id":"https:\/\/www.ifjerusalem-romaingary.org\/he\/concert-special-francophonie\/#article","isPartOf":{"@id":"https:\/\/www.ifjerusalem-romaingary.org\/he\/concert-special-francophonie\/"},"author":{"name":"admin1386","@id":"https:\/\/www.ifjerusalem-romaingary.org\/he\/#\/schema\/person\/5fcfb7145c5a116fdb70cc016962c61c"},"headline":"CONCERT SP\u00c9CIAL FRANCOPHONIE","datePublished":"2024-10-14T14:25:25+00:00","dateModified":"2024-11-26T14:38:04+00:00","mainEntityOfPage":{"@id":"https:\/\/www.ifjerusalem-romaingary.org\/he\/concert-special-francophonie\/"},"wordCount":317,"publisher":{"@id":"https:\/\/www.ifjerusalem-romaingary.org\/he\/#organization"},"image":{"@id":"https:\/\/www.ifjerusalem-romaingary.org\/he\/concert-special-francophonie\/#primaryimage"},"thumbnailUrl":"https:\/\/www.ifjerusalem-romaingary.org\/wp-content\/uploads\/2024\/10\/TEMPLATE-CABARET-DE-LA-CHANSON-FRANCAISE-1.png","articleSection":["Diaporama"],"inLanguage":"he-IL"},{"@type":"WebPage","@id":"https:\/\/www.ifjerusalem-romaingary.org\/he\/concert-special-francophonie\/","url":"https:\/\/www.ifjerusalem-romaingary.org\/he\/concert-special-francophonie\/","name":"CONCERT SP\u00c9CIAL FRANCOPHONIE - Institut Fran\u00e7ais de J\u00e9rusalem","isPartOf":{"@id":"https:\/\/www.ifjerusalem-romaingary.org\/he\/#website"},"primaryImageOfPage":{"@id":"https:\/\/www.ifjerusalem-romaingary.org\/he\/concert-special-francophonie\/#primaryimage"},"image":{"@id":"https:\/\/www.ifjerusalem-romaingary.org\/he\/concert-special-francophonie\/#primaryimage"},"thumbnailUrl":"https:\/\/www.ifjerusalem-romaingary.org\/wp-content\/uploads\/2024\/10\/TEMPLATE-CABARET-DE-LA-CHANSON-FRANCAISE-1.png","datePublished":"2024-10-14T14:25:25+00:00","dateModified":"2024-11-26T14:38:04+00:00","breadcrumb":{"@id":"https:\/\/www.ifjerusalem-romaingary.org\/he\/concert-special-francophonie\/#breadcrumb"},"inLanguage":"he-IL","potentialAction":[{"@type":"ReadAction","target":["https:\/\/www.ifjerusalem-romaingary.org\/he\/concert-special-francophonie\/"]}]},{"@type":"ImageObject","inLanguage":"he-IL","@id":"https:\/\/www.ifjerusalem-romaingary.org\/he\/concert-special-francophonie\/#primaryimage","url":"https:\/\/www.ifjerusalem-romaingary.org\/wp-content\/uploads\/2024\/10\/TEMPLATE-CABARET-DE-LA-CHANSON-FRANCAISE-1.png","contentUrl":"https:\/\/www.ifjerusalem-romaingary.org\/wp-content\/uploads\/2024\/10\/TEMPLATE-CABARET-DE-LA-CHANSON-FRANCAISE-1.png","width":1080,"height":1080},{"@type":"BreadcrumbList","@id":"https:\/\/www.ifjerusalem-romaingary.org\/he\/concert-special-francophonie\/#breadcrumb","itemListElement":[{"@type":"ListItem","position":1,"name":"Accueil","item":"https:\/\/www.ifjerusalem-romaingary.org\/he\/accueil\/"},{"@type":"ListItem","position":2,"name":"CONCERT SP\u00c9CIAL FRANCOPHONIE"}]},{"@type":"WebSite","@id":"https:\/\/www.ifjerusalem-romaingary.org\/he\/#website","url":"https:\/\/www.ifjerusalem-romaingary.org\/he\/","name":"Institut Fran\u00e7ais de J\u00e9rusalem","description":"Romain Gary","publisher":{"@id":"https:\/\/www.ifjerusalem-romaingary.org\/he\/#organization"},"potentialAction":[{"@type":"SearchAction","target":{"@type":"EntryPoint","urlTemplate":"https:\/\/www.ifjerusalem-romaingary.org\/he\/?s={search_term_string}"},"query-input":{"@type":"PropertyValueSpecification","valueRequired":true,"valueName":"search_term_string"}}],"inLanguage":"he-IL"},{"@type":"Organization","@id":"https:\/\/www.ifjerusalem-romaingary.org\/he\/#organization","name":"Institut fran\u00e7ais de Jerusalem","url":"https:\/\/www.ifjerusalem-romaingary.org\/he\/","logo":{"@type":"ImageObject","inLanguage":"he-IL","@id":"https:\/\/www.ifjerusalem-romaingary.org\/he\/#\/schema\/logo\/image\/","url":"https:\/\/www.ifjerusalem-romaingary.org\/wp-content\/uploads\/2020\/01\/logo-Cons-Jerusalem-IFJ-2016@2x.png","contentUrl":"https:\/\/www.ifjerusalem-romaingary.org\/wp-content\/uploads\/2020\/01\/logo-Cons-Jerusalem-IFJ-2016@2x.png","width":480,"height":163,"caption":"Institut fran\u00e7ais de Jerusalem"},"image":{"@id":"https:\/\/www.ifjerusalem-romaingary.org\/he\/#\/schema\/logo\/image\/"},"sameAs":["https:\/\/www.facebook.com\/IFJGary\/","https:\/\/x.com\/ifjromaingary"]},{"@type":"Person","@id":"https:\/\/www.ifjerusalem-romaingary.org\/he\/#\/schema\/person\/5fcfb7145c5a116fdb70cc016962c61c","name":"admin1386","image":{"@type":"ImageObject","inLanguage":"he-IL","@id":"https:\/\/www.ifjerusalem-romaingary.org\/he\/#\/schema\/person\/image\/","url":"https:\/\/secure.gravatar.com\/avatar\/d77e1c333179dcba6ae9bb7b69103738277c9e907cbad663f818876524fadbd9?s=96&d=mm&r=g","contentUrl":"https:\/\/secure.gravatar.com\/avatar\/d77e1c333179dcba6ae9bb7b69103738277c9e907cbad663f818876524fadbd9?s=96&d=mm&r=g","caption":"admin1386"}}]}},"_links":{"self":[{"href":"https:\/\/www.ifjerusalem-romaingary.org\/he\/wp-json\/wp\/v2\/posts\/11506","targetHints":{"allow":["GET"]}}],"collection":[{"href":"https:\/\/www.ifjerusalem-romaingary.org\/he\/wp-json\/wp\/v2\/posts"}],"about":[{"href":"https:\/\/www.ifjerusalem-romaingary.org\/he\/wp-json\/wp\/v2\/types\/post"}],"author":[{"embeddable":true,"href":"https:\/\/www.ifjerusalem-romaingary.org\/he\/wp-json\/wp\/v2\/users\/1"}],"replies":[{"embeddable":true,"href":"https:\/\/www.ifjerusalem-romaingary.org\/he\/wp-json\/wp\/v2\/comments?post=11506"}],"version-history":[{"count":12,"href":"https:\/\/www.ifjerusalem-romaingary.org\/he\/wp-json\/wp\/v2\/posts\/11506\/revisions"}],"predecessor-version":[{"id":11586,"href":"https:\/\/www.ifjerusalem-romaingary.org\/he\/wp-json\/wp\/v2\/posts\/11506\/revisions\/11586"}],"wp:featuredmedia":[{"embeddable":true,"href":"https:\/\/www.ifjerusalem-romaingary.org\/he\/wp-json\/wp\/v2\/media\/11522"}],"wp:attachment":[{"href":"https:\/\/www.ifjerusalem-romaingary.org\/he\/wp-json\/wp\/v2\/media?parent=11506"}],"wp:term":[{"taxonomy":"category","embeddable":true,"href":"https:\/\/www.ifjerusalem-romaingary.org\/he\/wp-json\/wp\/v2\/categories?post=11506"},{"taxonomy":"post_tag","embeddable":true,"href":"https:\/\/www.ifjerusalem-romaingary.org\/he\/wp-json\/wp\/v2\/tags?post=11506"}],"curies":[{"name":"wp","href":"https:\/\/api.w.org\/{rel}","templated":true}]}}