{"id":11601,"date":"2024-11-27T16:23:19","date_gmt":"2024-11-27T14:23:19","guid":{"rendered":"https:\/\/www.ifjerusalem-romaingary.org\/?p=11601"},"modified":"2024-12-02T15:53:34","modified_gmt":"2024-12-02T13:53:34","slug":"exposition-concours-talents-contemporains-10-laureats-du-12-au-29-decembre-2024","status":"publish","type":"post","link":"https:\/\/www.ifjerusalem-romaingary.org\/he\/exposition-concours-talents-contemporains-10-laureats-du-12-au-29-decembre-2024\/","title":{"rendered":"Concours talents contemporains"},"content":{"rendered":"<p><strong>EXPOSITION<\/strong><\/p>\n<p><strong>DU 12 AU 29 D\u00c9CEMBRE<\/strong><\/p>\n<p><b>Vernissage\u00a0<\/b><\/p>\n<p><b>Jeudi 12 d\u00e9cembre 2024<\/b><\/p>\n<p><b>\u00c0 19h<\/b><\/p>\n<p><span style=\"font-weight: 400;\">En ces temps troubl\u00e9s, l'art appara\u00eet comme un phare dans la tourmente, une fen\u00eatre d'espoir en p\u00e9riode de crise. C'est dans cet esprit que l\u2019UFE-Isra\u00ebl a invit\u00e9 \u00e0 participer \u00e0 l\u2019appel \u00e0 projet pour les artistes isra\u00e9liens sur le th\u00e8me de la r\u00e9silience. Une initiative port\u00e9e par l'artiste franco-isra\u00e9lienne <\/span><b>Rachel Yedid<\/b><span style=\"font-weight: 400;\"> en partenariat avec l'Union des Fran\u00e7ais de l'\u00c9tranger : UFE Repr\u00e9sentation Isra\u00ebl, et avec le soutien du Consulat G\u00e9n\u00e9ral de France \u00e0 J\u00e9rusalem Cet \u00e9v\u00e9nement vise \u00e0 promouvoir le dialogue sur la r\u00e9silience et la sublimation, notamment \u00e0 travers les relations. soci\u00e9tales et familiales en p\u00e9riode de conflit.<\/span><\/p>\n<p><span style=\"font-weight: 400;\">Lors de l\u2019inauguration des 10 laur\u00e9ats du Concours talents contemporains, seront remis trois prix, en pr\u00e9sence du Consul G\u00e9n\u00e9ral de France, <\/span><b>Nicolas Kassianides.<\/b><\/p>\n<p><span style=\"font-weight: 400;\">1<\/span><span style=\"font-weight: 400;\">er<\/span><span style=\"font-weight: 400;\"> Prix : billet d\u2019avion Paris aller-retour + rencontres artistiques culturelles<\/span><\/p>\n<p><span style=\"font-weight: 400;\">2<\/span><span style=\"font-weight: 400;\">e<\/span><span style=\"font-weight: 400;\"> Prix : s\u00e9jour \u00e0 Tib\u00e9riade + participation \u00e0 une exposition au Mus\u00e9e Dona Gracia<\/span><\/p>\n<p><span style=\"font-weight: 400;\">3<\/span><span style=\"font-weight: 400;\">e<\/span><span style=\"font-weight: 400;\"> Prix :\u00a0 mise en avant de l\u2019\u0153uvre de l\u2019artiste + visibilit\u00e9 sur les r\u00e9seaux sociaux<\/span><\/p>\n<p><span style=\"font-weight: 400;\">R\u00e9servation conseill\u00e9e : <\/span><a href=\"mailto:ifjromaingary@gmail.com\"><span style=\"font-weight: 400;\">ifjromaingary@gmail.com<\/span><\/a><\/p>\n<p><span style=\"font-weight: 400;\">ou par t\u00e9l\u00e9phone : 02-624 31 56<\/span><\/p>\n<p><span style=\"font-weight: 400;\">Entr\u00e9e libre\u00a0<\/span><\/p>\n<p style=\"text-align: right;\"><b>\u00a0\u05ea\u05d7\u05e8\u05d5\u05ea \u05db\u05d9\u05e9\u05e8\u05d5\u05e0\u05d5\u05ea \u05e2\u05db\u05e9\u05d5\u05d5\u05d9\u05d9\u05dd<\/b><\/p>\n<p style=\"text-align: right;\"><b>\u05ea\u05e2\u05e8\u05d5\u05db\u05d4<\/b><\/p>\n<p style=\"text-align: right;\"><b>\u00a0\u05de\u05d4-12 \u05e2\u05d3 \u05d4-29 \u05d1\u05d3\u05e6\u05de\u05d1\u05e8 2024<\/b><\/p>\n<p style=\"text-align: right;\"><span style=\"font-weight: 400;\">\u05e4\u05ea\u05d9\u05d7\u05d4 \u05d7\u05d2\u05d9\u05d2\u05d9\u05ea<\/span><\/p>\n<p style=\"text-align: right;\"><span style=\"font-weight: 400;\"> \u05d9\u05d5\u05dd \u05d7\u05de\u05d9\u05e9\u05d9, 12 \u05d1\u05d3\u05e6\u05de\u05d1\u05e8 2024 <\/span><\/p>\n<p style=\"text-align: right;\"><span style=\"font-weight: 400;\">\u05d1\u05e9\u05e2\u05d4 19:00\u00a0<\/span><\/p>\n<p style=\"text-align: right;\"><span style=\"font-weight: 400;\">\u05d1\u05d6\u05de\u05e0\u05d9\u05dd \u05e1\u05d5\u05e2\u05e8\u05d9\u05dd \u05d0\u05dc\u05d5, \u05d4\u05d0\u05de\u05e0\u05d5\u05ea \u05de\u05d5\u05e4\u05d9\u05e2\u05d4 \u05db\u05de\u05d2\u05d3\u05dc\u05d5\u05e8 \u05d1\u05e1\u05e2\u05e8\u05d4, \u05d7\u05dc\u05d5\u05df \u05dc\u05ea\u05e7\u05d5\u05d5\u05d4 \u05d1\u05ea\u05e7\u05d5\u05e4\u05ea \u05de\u05e9\u05d1\u05e8. \u05d1\u05e8\u05d5\u05d7 \u05d6\u05d5, \u05d4\u05d6\u05de\u05d9\u05e0\u05d4 UFE-\u05d9\u05e9\u05e8\u05d0\u05dc \u05dc\u05d4\u05e9\u05ea\u05ea\u05e3 \u05d1\u05e7\u05d5\u05dc \u05e7\u05d5\u05e8\u05d0 \u05dc\u05d0\u05de\u05e0\u05d9\u05dd \u05d9\u05e9\u05e8\u05d0\u05dc\u05d9\u05dd \u05d1\u05e0\u05d5\u05e9\u05d0 \u05d7\u05d5\u05e1\u05df. \u05d9\u05d5\u05d6\u05de\u05d4 \u05d6\u05d5 \u05e0\u05e2\u05e8\u05db\u05ea \u05e2\u05dc \u05d9\u05d3\u05d9 \u05d4\u05d0\u05de\u05e0\u05d9\u05ea \u05d4\u05e6\u05e8\u05e4\u05ea\u05d9\u05ea-\u05d9\u05e9\u05e8\u05d0\u05dc\u05d9\u05ea <\/span><b>\u05e8\u05d7\u05dc \u05d9\u05d3\u05d9\u05d3<\/b><span style=\"font-weight: 400;\"> \u05d1\u05e9\u05d9\u05ea\u05d5\u05e3 \u05e2\u05dd \u05d0\u05d9\u05d7\u05d5\u05d3 \u05d4\u05e6\u05e8\u05e4\u05ea\u05d9\u05dd \u05d1\u05d7\u05d5&quot;\u05dc: UFE \u05e0\u05e6\u05d9\u05d2\u05d5\u05ea \u05d9\u05e9\u05e8\u05d0\u05dc, \u05d5\u05d1\u05ea\u05de\u05d9\u05db\u05ea \u05d4\u05e7\u05d5\u05e0\u05e1\u05d5\u05dc\u05d9\u05d4 \u05d4\u05db\u05dc\u05dc\u05d9\u05ea \u05e9\u05dc \u05e6\u05e8\u05e4\u05ea \u05d1\u05d9\u05e8\u05d5\u05e9\u05dc\u05d9\u05dd. \u05d4\u05d0\u05d9\u05e8\u05d5\u05e2 \u05e0\u05d5\u05e2\u05d3 \u05dc\u05e7\u05d3\u05dd \u05d3\u05d9\u05d0\u05dc\u05d5\u05d2 \u05e2\u05dc \u05d7\u05d5\u05e1\u05df \u05d5\u05d4\u05ea\u05e8\u05d5\u05de\u05de\u05d5\u05ea \u05e8\u05d5\u05d7, \u05d1\u05de\u05d9\u05d5\u05d7\u05d3 \u05d3\u05e8\u05da \u05d9\u05d7\u05e1\u05d9\u05dd \u05d7\u05d1\u05e8\u05ea\u05d9\u05d9\u05dd \u05d5\u05de\u05e9\u05e4\u05d7\u05ea\u05d9\u05d9\u05dd \u05d1\u05ea\u05e7\u05d5\u05e4\u05ea \u05e7\u05d5\u05e0\u05e4\u05dc\u05d9\u05e7\u05d8.\u00a0<\/span><\/p>\n<p style=\"text-align: right;\"><span style=\"font-weight: 400;\">\u05d1\u05de\u05d4\u05dc\u05da \u05e4\u05ea\u05d9\u05d7\u05ea \u05e2\u05e9\u05e8\u05ea \u05d4\u05d6\u05d5\u05db\u05d9\u05dd \u05d1\u05ea\u05d7\u05e8\u05d5\u05ea \u05d4\u05db\u05d9\u05e9\u05e8\u05d5\u05e0\u05d5\u05ea \u05d4\u05e2\u05db\u05e9\u05d5\u05d5\u05d9\u05d9\u05dd, \u05d9\u05d5\u05e2\u05e0\u05e7\u05d5 \u05e9\u05dc\u05d5\u05e9\u05d4 \u05e4\u05e8\u05e1\u05d9\u05dd, \u05d1\u05e0\u05d5\u05db\u05d7\u05d5\u05ea \u05d4\u05e7\u05d5\u05e0\u05e1\u05d5\u05dc \u05d4\u05db\u05dc\u05dc\u05d9 \u05e9\u05dc \u05e6\u05e8\u05e4\u05ea, <\/span><b>\u05e0\u05d9\u05e7\u05d5\u05dc\u05d0 \u05e7\u05e1\u05d9\u05d0\u05e0\u05d9\u05d3\u05e1<\/b><span style=\"font-weight: 400;\">\u00a0<\/span><\/p>\n<p style=\"text-align: right;\"><span style=\"font-weight: 400;\">\u05e4\u05e8\u05e1 \u05e8\u05d0\u05e9\u05d5\u05df: \u05db\u05e8\u05d8\u05d9\u05e1 \u05d8\u05d9\u05e1\u05d4 \u05d4\u05dc\u05d5\u05da \u05d5\u05e9\u05d5\u05d1 \u05dc\u05e4\u05e8\u05d9\u05d6 + \u05de\u05e4\u05d2\u05e9\u05d9\u05dd \u05d0\u05de\u05e0\u05d5\u05ea\u05d9\u05d9\u05dd \u05ea\u05e8\u05d1\u05d5\u05ea\u05d9\u05d9\u05dd\u00a0<\/span><\/p>\n<p style=\"text-align: right;\"><span style=\"font-weight: 400;\">\u05e4\u05e8\u05e1 \u05e9\u05e0\u05d9: \u05e9\u05d4\u05d5\u05ea \u05d1\u05d8\u05d1\u05e8\u05d9\u05d4 + \u05d4\u05e9\u05ea\u05ea\u05e4\u05d5\u05ea \u05d1\u05ea\u05e2\u05e8\u05d5\u05db\u05d4 \u05d1\u05de\u05d5\u05d6\u05d9\u05d0\u05d5\u05df \u05d3\u05d5\u05e0\u05d4 \u05d2\u05e8\u05e6\u05d9\u05d4\u00a0<\/span><\/p>\n<p style=\"text-align: right;\"><span style=\"font-weight: 400;\">\u05e4\u05e8\u05e1 \u05e9\u05dc\u05d9\u05e9\u05d9: \u05e7\u05d9\u05d3\u05d5\u05dd \u05d9\u05e6\u05d9\u05e8\u05ea \u05d4\u05d0\u05de\u05df + \u05e0\u05e8\u05d0\u05d5\u05ea \u05d1\u05e8\u05e9\u05ea\u05d5\u05ea \u05d4\u05d7\u05d1\u05e8\u05ea\u05d9\u05d5\u05ea<\/span><\/p>\n<p style=\"text-align: right;\"><span style=\"font-weight: 400;\">\u05de\u05d5\u05de\u05dc\u05e5 \u05dc\u05d4\u05d6\u05de\u05d9\u05df \u05de\u05e7\u05d5\u05dd \u05de\u05e8\u05d0\u05e9<\/span><\/p>\n<p style=\"text-align: right;\"><span style=\"font-weight: 400;\"><a href=\"mailto:ifjromaingary@gmail.com\">ifjromaingary@gmail.com<\/a> <\/span><\/p>\n<p style=\"text-align: right;\"><span style=\"font-weight: 400;\">\u05d0\u05d5 \u05d1\u05d8\u05dc\u05e4\u05d5\u05df: <\/span><span style=\"font-weight: 400;\">02-624-31-56<\/span><\/p>\n<p style=\"text-align: right;\"><span style=\"font-weight: 400;\">\u05d4\u05db\u05e0\u05d9\u05e1\u05d4 \u05d7\u05d5\u05e4\u05e9\u05d9\u05ea<\/span><\/p>\n<p style=\"text-align: right;\">\n","protected":false},"excerpt":{"rendered":"<p>EXPOSITION DU 12 AU 29 D\u00c9CEMBRE Vernissage\u00a0 Jeudi 12 d\u00e9cembre 2024 \u00c0 19h En ces temps troubl\u00e9s, l'art appara\u00eet comme un phare dans la tourmente, une fen\u00eatre d'espoir en p\u00e9riode de crise. C'est dans cet esprit que l\u2019UFE-Isra\u00ebl a invit\u00e9 \u00e0 participer \u00e0 l\u2019appel \u00e0 projet pour les artistes isra\u00e9liens sur le th\u00e8me de la &hellip;<\/p>\n","protected":false},"author":1,"featured_media":11647,"comment_status":"closed","ping_status":"closed","sticky":false,"template":"","format":"standard","meta":{"_exactmetrics_skip_tracking":false,"_exactmetrics_sitenote_active":false,"_exactmetrics_sitenote_note":"","_exactmetrics_sitenote_category":0,"footnotes":""},"categories":[91,93,55],"tags":[],"class_list":["post-11601","post","type-post","status-publish","format-standard","has-post-thumbnail","","category-a-la-une","category-arts-visuels","category-diaporama"],"yoast_head":"<!-- This site is optimized with the Yoast SEO plugin v26.6 - https:\/\/yoast.com\/wordpress\/plugins\/seo\/ -->\n<title>Concours talents contemporains - Institut Fran\u00e7ais de J\u00e9rusalem<\/title>\n<meta name=\"robots\" content=\"index, follow, max-snippet:-1, max-image-preview:large, max-video-preview:-1\" \/>\n<link rel=\"canonical\" href=\"https:\/\/www.ifjerusalem-romaingary.org\/he\/exposition-concours-talents-contemporains-10-laureats-du-12-au-29-decembre-2024\/\" \/>\n<meta property=\"og:locale\" content=\"he_IL\" \/>\n<meta property=\"og:type\" content=\"article\" \/>\n<meta property=\"og:title\" content=\"Concours talents contemporains - Institut Fran\u00e7ais de J\u00e9rusalem\" \/>\n<meta property=\"og:description\" content=\"EXPOSITION DU 12 AU 29 D\u00c9CEMBRE Vernissage\u00a0 Jeudi 12 d\u00e9cembre 2024 \u00c0 19h En ces temps troubl\u00e9s, l&#039;art appara\u00eet comme un phare dans la tourmente, une fen\u00eatre d&#039;espoir en p\u00e9riode de crise. C&#039;est dans cet esprit que l\u2019UFE-Isra\u00ebl a invit\u00e9 \u00e0 participer \u00e0 l\u2019appel \u00e0 projet pour les artistes isra\u00e9liens sur le th\u00e8me de la &hellip;\" \/>\n<meta property=\"og:url\" content=\"https:\/\/www.ifjerusalem-romaingary.org\/he\/exposition-concours-talents-contemporains-10-laureats-du-12-au-29-decembre-2024\/\" \/>\n<meta property=\"og:site_name\" content=\"Institut Fran\u00e7ais de J\u00e9rusalem\" \/>\n<meta property=\"article:publisher\" content=\"https:\/\/www.facebook.com\/IFJGary\/\" \/>\n<meta property=\"article:published_time\" content=\"2024-11-27T14:23:19+00:00\" \/>\n<meta property=\"article:modified_time\" content=\"2024-12-02T13:53:34+00:00\" \/>\n<meta property=\"og:image\" content=\"https:\/\/www.ifjerusalem-romaingary.org\/wp-content\/uploads\/2024\/11\/caf8ed52-faf3-4ea0-9cc0-c036d75342ec-1.jpeg\" \/>\n\t<meta property=\"og:image:width\" content=\"1080\" \/>\n\t<meta property=\"og:image:height\" content=\"566\" \/>\n\t<meta property=\"og:image:type\" content=\"image\/jpeg\" \/>\n<meta name=\"author\" content=\"admin1386\" \/>\n<meta name=\"twitter:card\" content=\"summary_large_image\" \/>\n<meta name=\"twitter:creator\" content=\"@ifjromaingary\" \/>\n<meta name=\"twitter:site\" content=\"@ifjromaingary\" \/>\n<meta name=\"twitter:label1\" content=\"\u05e0\u05db\u05ea\u05d1 \u05e2\u05dc \u05d9\u05d3\" \/>\n\t<meta name=\"twitter:data1\" content=\"admin1386\" \/>\n\t<meta name=\"twitter:label2\" content=\"\u05d6\u05de\u05df \u05e7\u05e8\u05d9\u05d0\u05d4 \u05de\u05d5\u05e2\u05e8\u05da\" \/>\n\t<meta name=\"twitter:data2\" content=\"2 \u05d3\u05e7\u05d5\u05ea\" \/>\n<script type=\"application\/ld+json\" class=\"yoast-schema-graph\">{\"@context\":\"https:\/\/schema.org\",\"@graph\":[{\"@type\":\"Article\",\"@id\":\"https:\/\/www.ifjerusalem-romaingary.org\/he\/exposition-concours-talents-contemporains-10-laureats-du-12-au-29-decembre-2024\/#article\",\"isPartOf\":{\"@id\":\"https:\/\/www.ifjerusalem-romaingary.org\/he\/exposition-concours-talents-contemporains-10-laureats-du-12-au-29-decembre-2024\/\"},\"author\":{\"name\":\"admin1386\",\"@id\":\"https:\/\/www.ifjerusalem-romaingary.org\/he\/#\/schema\/person\/5fcfb7145c5a116fdb70cc016962c61c\"},\"headline\":\"Concours talents contemporains\",\"datePublished\":\"2024-11-27T14:23:19+00:00\",\"dateModified\":\"2024-12-02T13:53:34+00:00\",\"mainEntityOfPage\":{\"@id\":\"https:\/\/www.ifjerusalem-romaingary.org\/he\/exposition-concours-talents-contemporains-10-laureats-du-12-au-29-decembre-2024\/\"},\"wordCount\":223,\"publisher\":{\"@id\":\"https:\/\/www.ifjerusalem-romaingary.org\/he\/#organization\"},\"image\":{\"@id\":\"https:\/\/www.ifjerusalem-romaingary.org\/he\/exposition-concours-talents-contemporains-10-laureats-du-12-au-29-decembre-2024\/#primaryimage\"},\"thumbnailUrl\":\"https:\/\/www.ifjerusalem-romaingary.org\/wp-content\/uploads\/2024\/11\/caf8ed52-faf3-4ea0-9cc0-c036d75342ec-1.jpeg\",\"articleSection\":[\"\u00c0 LA UNE\",\"Arts visuels\",\"Diaporama\"],\"inLanguage\":\"he-IL\"},{\"@type\":\"WebPage\",\"@id\":\"https:\/\/www.ifjerusalem-romaingary.org\/he\/exposition-concours-talents-contemporains-10-laureats-du-12-au-29-decembre-2024\/\",\"url\":\"https:\/\/www.ifjerusalem-romaingary.org\/he\/exposition-concours-talents-contemporains-10-laureats-du-12-au-29-decembre-2024\/\",\"name\":\"Concours talents contemporains - Institut Fran\u00e7ais de J\u00e9rusalem\",\"isPartOf\":{\"@id\":\"https:\/\/www.ifjerusalem-romaingary.org\/he\/#website\"},\"primaryImageOfPage\":{\"@id\":\"https:\/\/www.ifjerusalem-romaingary.org\/he\/exposition-concours-talents-contemporains-10-laureats-du-12-au-29-decembre-2024\/#primaryimage\"},\"image\":{\"@id\":\"https:\/\/www.ifjerusalem-romaingary.org\/he\/exposition-concours-talents-contemporains-10-laureats-du-12-au-29-decembre-2024\/#primaryimage\"},\"thumbnailUrl\":\"https:\/\/www.ifjerusalem-romaingary.org\/wp-content\/uploads\/2024\/11\/caf8ed52-faf3-4ea0-9cc0-c036d75342ec-1.jpeg\",\"datePublished\":\"2024-11-27T14:23:19+00:00\",\"dateModified\":\"2024-12-02T13:53:34+00:00\",\"breadcrumb\":{\"@id\":\"https:\/\/www.ifjerusalem-romaingary.org\/he\/exposition-concours-talents-contemporains-10-laureats-du-12-au-29-decembre-2024\/#breadcrumb\"},\"inLanguage\":\"he-IL\",\"potentialAction\":[{\"@type\":\"ReadAction\",\"target\":[\"https:\/\/www.ifjerusalem-romaingary.org\/he\/exposition-concours-talents-contemporains-10-laureats-du-12-au-29-decembre-2024\/\"]}]},{\"@type\":\"ImageObject\",\"inLanguage\":\"he-IL\",\"@id\":\"https:\/\/www.ifjerusalem-romaingary.org\/he\/exposition-concours-talents-contemporains-10-laureats-du-12-au-29-decembre-2024\/#primaryimage\",\"url\":\"https:\/\/www.ifjerusalem-romaingary.org\/wp-content\/uploads\/2024\/11\/caf8ed52-faf3-4ea0-9cc0-c036d75342ec-1.jpeg\",\"contentUrl\":\"https:\/\/www.ifjerusalem-romaingary.org\/wp-content\/uploads\/2024\/11\/caf8ed52-faf3-4ea0-9cc0-c036d75342ec-1.jpeg\",\"width\":1080,\"height\":566},{\"@type\":\"BreadcrumbList\",\"@id\":\"https:\/\/www.ifjerusalem-romaingary.org\/he\/exposition-concours-talents-contemporains-10-laureats-du-12-au-29-decembre-2024\/#breadcrumb\",\"itemListElement\":[{\"@type\":\"ListItem\",\"position\":1,\"name\":\"Accueil\",\"item\":\"https:\/\/www.ifjerusalem-romaingary.org\/he\/accueil\/\"},{\"@type\":\"ListItem\",\"position\":2,\"name\":\"Concours talents contemporains\"}]},{\"@type\":\"WebSite\",\"@id\":\"https:\/\/www.ifjerusalem-romaingary.org\/he\/#website\",\"url\":\"https:\/\/www.ifjerusalem-romaingary.org\/he\/\",\"name\":\"Institut Fran\u00e7ais de J\u00e9rusalem\",\"description\":\"Romain Gary\",\"publisher\":{\"@id\":\"https:\/\/www.ifjerusalem-romaingary.org\/he\/#organization\"},\"potentialAction\":[{\"@type\":\"SearchAction\",\"target\":{\"@type\":\"EntryPoint\",\"urlTemplate\":\"https:\/\/www.ifjerusalem-romaingary.org\/he\/?s={search_term_string}\"},\"query-input\":{\"@type\":\"PropertyValueSpecification\",\"valueRequired\":true,\"valueName\":\"search_term_string\"}}],\"inLanguage\":\"he-IL\"},{\"@type\":\"Organization\",\"@id\":\"https:\/\/www.ifjerusalem-romaingary.org\/he\/#organization\",\"name\":\"Institut fran\u00e7ais de Jerusalem\",\"url\":\"https:\/\/www.ifjerusalem-romaingary.org\/he\/\",\"logo\":{\"@type\":\"ImageObject\",\"inLanguage\":\"he-IL\",\"@id\":\"https:\/\/www.ifjerusalem-romaingary.org\/he\/#\/schema\/logo\/image\/\",\"url\":\"https:\/\/www.ifjerusalem-romaingary.org\/wp-content\/uploads\/2020\/01\/logo-Cons-Jerusalem-IFJ-2016@2x.png\",\"contentUrl\":\"https:\/\/www.ifjerusalem-romaingary.org\/wp-content\/uploads\/2020\/01\/logo-Cons-Jerusalem-IFJ-2016@2x.png\",\"width\":480,\"height\":163,\"caption\":\"Institut fran\u00e7ais de Jerusalem\"},\"image\":{\"@id\":\"https:\/\/www.ifjerusalem-romaingary.org\/he\/#\/schema\/logo\/image\/\"},\"sameAs\":[\"https:\/\/www.facebook.com\/IFJGary\/\",\"https:\/\/x.com\/ifjromaingary\"]},{\"@type\":\"Person\",\"@id\":\"https:\/\/www.ifjerusalem-romaingary.org\/he\/#\/schema\/person\/5fcfb7145c5a116fdb70cc016962c61c\",\"name\":\"admin1386\",\"image\":{\"@type\":\"ImageObject\",\"inLanguage\":\"he-IL\",\"@id\":\"https:\/\/www.ifjerusalem-romaingary.org\/he\/#\/schema\/person\/image\/\",\"url\":\"https:\/\/secure.gravatar.com\/avatar\/d77e1c333179dcba6ae9bb7b69103738277c9e907cbad663f818876524fadbd9?s=96&d=mm&r=g\",\"contentUrl\":\"https:\/\/secure.gravatar.com\/avatar\/d77e1c333179dcba6ae9bb7b69103738277c9e907cbad663f818876524fadbd9?s=96&d=mm&r=g\",\"caption\":\"admin1386\"}}]}<\/script>\n<!-- \/ Yoast SEO plugin. -->","yoast_head_json":{"title":"Concours talents contemporains - Institut Fran\u00e7ais de J\u00e9rusalem","robots":{"index":"index","follow":"follow","max-snippet":"max-snippet:-1","max-image-preview":"max-image-preview:large","max-video-preview":"max-video-preview:-1"},"canonical":"https:\/\/www.ifjerusalem-romaingary.org\/he\/exposition-concours-talents-contemporains-10-laureats-du-12-au-29-decembre-2024\/","og_locale":"he_IL","og_type":"article","og_title":"Concours talents contemporains - Institut Fran\u00e7ais de J\u00e9rusalem","og_description":"EXPOSITION DU 12 AU 29 D\u00c9CEMBRE Vernissage\u00a0 Jeudi 12 d\u00e9cembre 2024 \u00c0 19h En ces temps troubl\u00e9s, l'art appara\u00eet comme un phare dans la tourmente, une fen\u00eatre d'espoir en p\u00e9riode de crise. C'est dans cet esprit que l\u2019UFE-Isra\u00ebl a invit\u00e9 \u00e0 participer \u00e0 l\u2019appel \u00e0 projet pour les artistes isra\u00e9liens sur le th\u00e8me de la &hellip;","og_url":"https:\/\/www.ifjerusalem-romaingary.org\/he\/exposition-concours-talents-contemporains-10-laureats-du-12-au-29-decembre-2024\/","og_site_name":"Institut Fran\u00e7ais de J\u00e9rusalem","article_publisher":"https:\/\/www.facebook.com\/IFJGary\/","article_published_time":"2024-11-27T14:23:19+00:00","article_modified_time":"2024-12-02T13:53:34+00:00","og_image":[{"width":1080,"height":566,"url":"https:\/\/www.ifjerusalem-romaingary.org\/wp-content\/uploads\/2024\/11\/caf8ed52-faf3-4ea0-9cc0-c036d75342ec-1.jpeg","type":"image\/jpeg"}],"author":"admin1386","twitter_card":"summary_large_image","twitter_creator":"@ifjromaingary","twitter_site":"@ifjromaingary","twitter_misc":{"\u05e0\u05db\u05ea\u05d1 \u05e2\u05dc \u05d9\u05d3":"admin1386","\u05d6\u05de\u05df \u05e7\u05e8\u05d9\u05d0\u05d4 \u05de\u05d5\u05e2\u05e8\u05da":"2 \u05d3\u05e7\u05d5\u05ea"},"schema":{"@context":"https:\/\/schema.org","@graph":[{"@type":"Article","@id":"https:\/\/www.ifjerusalem-romaingary.org\/he\/exposition-concours-talents-contemporains-10-laureats-du-12-au-29-decembre-2024\/#article","isPartOf":{"@id":"https:\/\/www.ifjerusalem-romaingary.org\/he\/exposition-concours-talents-contemporains-10-laureats-du-12-au-29-decembre-2024\/"},"author":{"name":"admin1386","@id":"https:\/\/www.ifjerusalem-romaingary.org\/he\/#\/schema\/person\/5fcfb7145c5a116fdb70cc016962c61c"},"headline":"Concours talents contemporains","datePublished":"2024-11-27T14:23:19+00:00","dateModified":"2024-12-02T13:53:34+00:00","mainEntityOfPage":{"@id":"https:\/\/www.ifjerusalem-romaingary.org\/he\/exposition-concours-talents-contemporains-10-laureats-du-12-au-29-decembre-2024\/"},"wordCount":223,"publisher":{"@id":"https:\/\/www.ifjerusalem-romaingary.org\/he\/#organization"},"image":{"@id":"https:\/\/www.ifjerusalem-romaingary.org\/he\/exposition-concours-talents-contemporains-10-laureats-du-12-au-29-decembre-2024\/#primaryimage"},"thumbnailUrl":"https:\/\/www.ifjerusalem-romaingary.org\/wp-content\/uploads\/2024\/11\/caf8ed52-faf3-4ea0-9cc0-c036d75342ec-1.jpeg","articleSection":["\u00c0 LA UNE","Arts visuels","Diaporama"],"inLanguage":"he-IL"},{"@type":"WebPage","@id":"https:\/\/www.ifjerusalem-romaingary.org\/he\/exposition-concours-talents-contemporains-10-laureats-du-12-au-29-decembre-2024\/","url":"https:\/\/www.ifjerusalem-romaingary.org\/he\/exposition-concours-talents-contemporains-10-laureats-du-12-au-29-decembre-2024\/","name":"Concours talents contemporains - Institut Fran\u00e7ais de J\u00e9rusalem","isPartOf":{"@id":"https:\/\/www.ifjerusalem-romaingary.org\/he\/#website"},"primaryImageOfPage":{"@id":"https:\/\/www.ifjerusalem-romaingary.org\/he\/exposition-concours-talents-contemporains-10-laureats-du-12-au-29-decembre-2024\/#primaryimage"},"image":{"@id":"https:\/\/www.ifjerusalem-romaingary.org\/he\/exposition-concours-talents-contemporains-10-laureats-du-12-au-29-decembre-2024\/#primaryimage"},"thumbnailUrl":"https:\/\/www.ifjerusalem-romaingary.org\/wp-content\/uploads\/2024\/11\/caf8ed52-faf3-4ea0-9cc0-c036d75342ec-1.jpeg","datePublished":"2024-11-27T14:23:19+00:00","dateModified":"2024-12-02T13:53:34+00:00","breadcrumb":{"@id":"https:\/\/www.ifjerusalem-romaingary.org\/he\/exposition-concours-talents-contemporains-10-laureats-du-12-au-29-decembre-2024\/#breadcrumb"},"inLanguage":"he-IL","potentialAction":[{"@type":"ReadAction","target":["https:\/\/www.ifjerusalem-romaingary.org\/he\/exposition-concours-talents-contemporains-10-laureats-du-12-au-29-decembre-2024\/"]}]},{"@type":"ImageObject","inLanguage":"he-IL","@id":"https:\/\/www.ifjerusalem-romaingary.org\/he\/exposition-concours-talents-contemporains-10-laureats-du-12-au-29-decembre-2024\/#primaryimage","url":"https:\/\/www.ifjerusalem-romaingary.org\/wp-content\/uploads\/2024\/11\/caf8ed52-faf3-4ea0-9cc0-c036d75342ec-1.jpeg","contentUrl":"https:\/\/www.ifjerusalem-romaingary.org\/wp-content\/uploads\/2024\/11\/caf8ed52-faf3-4ea0-9cc0-c036d75342ec-1.jpeg","width":1080,"height":566},{"@type":"BreadcrumbList","@id":"https:\/\/www.ifjerusalem-romaingary.org\/he\/exposition-concours-talents-contemporains-10-laureats-du-12-au-29-decembre-2024\/#breadcrumb","itemListElement":[{"@type":"ListItem","position":1,"name":"Accueil","item":"https:\/\/www.ifjerusalem-romaingary.org\/he\/accueil\/"},{"@type":"ListItem","position":2,"name":"Concours talents contemporains"}]},{"@type":"WebSite","@id":"https:\/\/www.ifjerusalem-romaingary.org\/he\/#website","url":"https:\/\/www.ifjerusalem-romaingary.org\/he\/","name":"Institut Fran\u00e7ais de J\u00e9rusalem","description":"Romain Gary","publisher":{"@id":"https:\/\/www.ifjerusalem-romaingary.org\/he\/#organization"},"potentialAction":[{"@type":"SearchAction","target":{"@type":"EntryPoint","urlTemplate":"https:\/\/www.ifjerusalem-romaingary.org\/he\/?s={search_term_string}"},"query-input":{"@type":"PropertyValueSpecification","valueRequired":true,"valueName":"search_term_string"}}],"inLanguage":"he-IL"},{"@type":"Organization","@id":"https:\/\/www.ifjerusalem-romaingary.org\/he\/#organization","name":"Institut fran\u00e7ais de Jerusalem","url":"https:\/\/www.ifjerusalem-romaingary.org\/he\/","logo":{"@type":"ImageObject","inLanguage":"he-IL","@id":"https:\/\/www.ifjerusalem-romaingary.org\/he\/#\/schema\/logo\/image\/","url":"https:\/\/www.ifjerusalem-romaingary.org\/wp-content\/uploads\/2020\/01\/logo-Cons-Jerusalem-IFJ-2016@2x.png","contentUrl":"https:\/\/www.ifjerusalem-romaingary.org\/wp-content\/uploads\/2020\/01\/logo-Cons-Jerusalem-IFJ-2016@2x.png","width":480,"height":163,"caption":"Institut fran\u00e7ais de Jerusalem"},"image":{"@id":"https:\/\/www.ifjerusalem-romaingary.org\/he\/#\/schema\/logo\/image\/"},"sameAs":["https:\/\/www.facebook.com\/IFJGary\/","https:\/\/x.com\/ifjromaingary"]},{"@type":"Person","@id":"https:\/\/www.ifjerusalem-romaingary.org\/he\/#\/schema\/person\/5fcfb7145c5a116fdb70cc016962c61c","name":"admin1386","image":{"@type":"ImageObject","inLanguage":"he-IL","@id":"https:\/\/www.ifjerusalem-romaingary.org\/he\/#\/schema\/person\/image\/","url":"https:\/\/secure.gravatar.com\/avatar\/d77e1c333179dcba6ae9bb7b69103738277c9e907cbad663f818876524fadbd9?s=96&d=mm&r=g","contentUrl":"https:\/\/secure.gravatar.com\/avatar\/d77e1c333179dcba6ae9bb7b69103738277c9e907cbad663f818876524fadbd9?s=96&d=mm&r=g","caption":"admin1386"}}]}},"_links":{"self":[{"href":"https:\/\/www.ifjerusalem-romaingary.org\/he\/wp-json\/wp\/v2\/posts\/11601","targetHints":{"allow":["GET"]}}],"collection":[{"href":"https:\/\/www.ifjerusalem-romaingary.org\/he\/wp-json\/wp\/v2\/posts"}],"about":[{"href":"https:\/\/www.ifjerusalem-romaingary.org\/he\/wp-json\/wp\/v2\/types\/post"}],"author":[{"embeddable":true,"href":"https:\/\/www.ifjerusalem-romaingary.org\/he\/wp-json\/wp\/v2\/users\/1"}],"replies":[{"embeddable":true,"href":"https:\/\/www.ifjerusalem-romaingary.org\/he\/wp-json\/wp\/v2\/comments?post=11601"}],"version-history":[{"count":8,"href":"https:\/\/www.ifjerusalem-romaingary.org\/he\/wp-json\/wp\/v2\/posts\/11601\/revisions"}],"predecessor-version":[{"id":11646,"href":"https:\/\/www.ifjerusalem-romaingary.org\/he\/wp-json\/wp\/v2\/posts\/11601\/revisions\/11646"}],"wp:featuredmedia":[{"embeddable":true,"href":"https:\/\/www.ifjerusalem-romaingary.org\/he\/wp-json\/wp\/v2\/media\/11647"}],"wp:attachment":[{"href":"https:\/\/www.ifjerusalem-romaingary.org\/he\/wp-json\/wp\/v2\/media?parent=11601"}],"wp:term":[{"taxonomy":"category","embeddable":true,"href":"https:\/\/www.ifjerusalem-romaingary.org\/he\/wp-json\/wp\/v2\/categories?post=11601"},{"taxonomy":"post_tag","embeddable":true,"href":"https:\/\/www.ifjerusalem-romaingary.org\/he\/wp-json\/wp\/v2\/tags?post=11601"}],"curies":[{"name":"wp","href":"https:\/\/api.w.org\/{rel}","templated":true}]}}