{"id":11621,"date":"2024-11-27T18:07:37","date_gmt":"2024-11-27T16:07:37","guid":{"rendered":"https:\/\/www.ifjerusalem-romaingary.org\/?p=11621"},"modified":"2025-03-10T17:43:47","modified_gmt":"2025-03-10T15:43:47","slug":"exposition-ces-athletes-qui-ont-change-le-monde","status":"publish","type":"post","link":"https:\/\/www.ifjerusalem-romaingary.org\/he\/exposition-ces-athletes-qui-ont-change-le-monde\/","title":{"rendered":"CES ATHL\u00c8TES QUI ONT CHANG\u00c9 LE MONDE"},"content":{"rendered":"<p><b>EXPOSITION\u00a0<\/b><\/p>\n<p><b>Du 3 au 10 d\u00e9cembre<\/b><\/p>\n<p><b><i>Ces athl\u00e8tes qui ont chang\u00e9 le monde<\/i><\/b><\/p>\n<p><span style=\"font-weight: 400;\">\u00ab Un voyage dans le temps, \u00e9mouvant et inspirant, \u00e0 travers les vies d\u2019athl\u00e8tes l\u00e9gendaires qui, par leur courage, leur d\u00e9termination et leur abn\u00e9gation, ont fait \u00e9voluer la soci\u00e9t\u00e9 et humaniser le monde \u00bb.<\/span><\/p>\n<p><span style=\"font-weight: 400;\">L\u2019institut fran\u00e7ais de J\u00e9rusalem Romain Gary accueille l\u2019exposition <\/span><i><span style=\"font-weight: 400;\">\u00ab <\/span><\/i><span style=\"font-weight: 400;\">Ces athl\u00e8tes qui ont chang\u00e9 le monde <\/span><i><span style=\"font-weight: 400;\">\u00bb<\/span><\/i><span style=\"font-weight: 400;\"> sous le haut patronage de M. le Consul g\u00e9n\u00e9ral de France \u00e0 J\u00e9rusalem, <\/span><b>Nicolas Kassianides<\/b><\/p>\n<p><strong>PR\u00c9SENTATION<\/strong><\/p>\n<p><b>MARDI 3 D\u00c9CEMBRE<\/b><\/p>\n<p><b>\u00c0 19H<\/b><\/p>\n<p>Par <b>Gilles Aaron Smadja<\/b>, directeur de l\u2019exposition.<\/p>\n<p><span style=\"font-weight: 400;\">L\u2019exposition restitue les parcours et la m\u00e9moire de vingt-sept grandes figures du sport, depuis le d\u00e9but du vingti\u00e8me si\u00e8cle jusqu\u2019\u00e0 nos jours. De tr\u00e8s grands champions mais \u00e9galement des femmes et des hommes du monde entier, admirables de volont\u00e9 et de courage, qui ont \u00e9crit l\u2019histoire bien au-del\u00e0 du sport, et ont remport\u00e9 bien plus que des m\u00e9dailles.<\/span><\/p>\n<p><span style=\"font-weight: 400;\">Elle a \u00e9t\u00e9 inaugur\u00e9e en France \u00e0 l\u2019H\u00f4tel de Lassay le 9 avril 2024 en pr\u00e9sence de Ya\u00ebl Braun-Pivet, pr\u00e9sidente de l\u2019Assembl\u00e9e nationale, Thomas Bach, pr\u00e9sident du Comit\u00e9 international olympique, et Roxana Maracineanu, vice-championne olympique aux Jeux de Sydney et ancienne ministre des sports.<\/span><\/p>\n<p><span style=\"font-weight: 400;\">L\u2019exposition a \u00e9t\u00e9 pr\u00e9sent\u00e9e \u00e0 l\u2019UNESCO durant toute la p\u00e9riode des Jeux, dans plusieurs entreprises partenaires des Jeux de Paris 2024.\u00a0 Elle a rencontr\u00e9 un large public estim\u00e9 \u00e0 plus de 30 000 personnes.<\/span><\/p>\n<p><img decoding=\"async\" class=\"alignleft size-thumbnail wp-image-11622\" src=\"https:\/\/www.ifjerusalem-romaingary.org\/wp-content\/uploads\/2024\/11\/Gilles-Smadja-150x150.jpg\" alt=\"\" width=\"150\" height=\"150\" \/><\/p>\n<p>&nbsp;<\/p>\n<p>&nbsp;<\/p>\n<p>&nbsp;<\/p>\n<p>&nbsp;<\/p>\n<p><span style=\"font-weight: 400;\">Ancien grand reporter sp\u00e9cialis\u00e9 dans la couverture des \u00e9v\u00e9nements sportifs mondiaux, <\/span><b>Gilles Smadja<\/b><span style=\"font-weight: 400;\"> a \u00e9t\u00e9 nomm\u00e9 \u00e0 la direction du Cabinet de la Ministre des Sports Marie-George Buffet en 1997. Devenu directeur du club France aux Jeux de Sydney 2000, il a accompagn\u00e9 la candidature olympique de Paris et a dirig\u00e9 les programmes d\u2019accompagnement des mondiaux d\u2019athl\u00e9tisme en 2003 et de la Coupe du Monde de Rugby en 2007. Il a \u00e9t\u00e9 fait Chevalier de la L\u00e9gion d\u2019Honneur en 2021.<\/span><\/p>\n<p><span style=\"font-weight: 400;\">Rencontre en fran\u00e7ais et en h\u00e9breu<\/span><\/p>\n<p><span style=\"font-weight: 400;\">Avec la participation de <\/span><b>David Cohen Elazar,<\/b><span style=\"font-weight: 400;\"> interpr\u00e8te.<\/span><\/p>\n<p><span style=\"font-weight: 400;\">R\u00e9servation conseill\u00e9e : <\/span><a href=\"mailto:ifjromaingary@gmail.com\"><span style=\"font-weight: 400;\">ifjromaingary@gmail.com<\/span><\/a><\/p>\n<p><span style=\"font-weight: 400;\">ou par t\u00e9l\u00e9phone : 02-624 31 56<\/span><\/p>\n<p><span style=\"font-weight: 400;\">Entr\u00e9e libre\u00a0<\/span><\/p>\n<p style=\"text-align: right;\"><strong>\u05ea\u05e2\u05e8\u05d5\u05db\u05d4<\/strong><br \/>\n<strong>\u05de\u05d4-3 \u05e2\u05d3 \u05d4-10 \u05d1\u05d3\u05e6\u05de\u05d1\u05e8<\/strong><br \/>\n<em><strong>\u05d4\u05e1\u05e4\u05d5\u05e8\u05d8\u05d0\u05d9\u05dd \u05e9\u05e9\u05d9\u05e0\u05d5 \u05d0\u05ea \u05d4\u05e2\u05d5\u05dc\u05dd<\/strong><\/em><\/p>\n<p style=\"text-align: right;\">&quot;\u05de\u05e1\u05e2 \u05d1\u05d6\u05de\u05df, \u05de\u05e8\u05d2\u05e9 \u05d5\u05de\u05e2\u05d5\u05e8\u05e8 \u05d4\u05e9\u05e8\u05d0\u05d4, \u05d3\u05e8\u05da \u05d7\u05d9\u05d9\u05d4\u05dd \u05e9\u05dc \u05e1\u05e4\u05d5\u05e8\u05d8\u05d0\u05d9\u05dd \u05d0\u05d2\u05d3\u05d9\u05d9\u05dd \u05e9\u05d1\u05d0\u05d5\u05de\u05e5 \u05dc\u05d1\u05dd, \u05e0\u05d7\u05d9\u05e9\u05d5\u05ea\u05dd \u05d5\u05d4\u05e7\u05e8\u05d1\u05ea\u05dd, \u05e9\u05d9\u05e0\u05d5 \u05d0\u05ea \u05d4\u05d7\u05d1\u05e8\u05d4 \u05d5\u05d4\u05d0\u05e0\u05d9\u05e9\u05d5 \u05d0\u05ea \u05d4\u05e2\u05d5\u05dc\u05dd&quot;.<br \/>\n\u05d4\u05de\u05db\u05d5\u05df \u05d4\u05e6\u05e8\u05e4\u05ea\u05d9 \u05d1\u05d9\u05e8\u05d5\u05e9\u05dc\u05d9\u05dd \u05e8\u05d5\u05de\u05df \u05d2\u05d0\u05e8\u05d9 \u05de\u05d0\u05e8\u05d7 \u05d0\u05ea \u05d4\u05ea\u05e2\u05e8\u05d5\u05db\u05d4 &quot;\u05d4\u05e1\u05e4\u05d5\u05e8\u05d8\u05d0\u05d9\u05dd \u05e9\u05e9\u05d9\u05e0\u05d5 \u05d0\u05ea \u05d4\u05e2\u05d5\u05dc\u05dd&quot; \u05d1\u05d7\u05e1\u05d5\u05ea \u05d4\u05e7\u05d5\u05e0\u05e1\u05d5\u05dc \u05d4\u05db\u05dc\u05dc\u05d9 \u05e9\u05dc \u05e6\u05e8\u05e4\u05ea \u05d1\u05d9\u05e8\u05d5\u05e9\u05dc\u05d9\u05dd, <strong>\u05e0\u05d9\u05e7\u05d5\u05dc\u05d0 \u05e7\u05e1\u05d9\u05d0\u05e0\u05d9\u05d3\u05e1<\/strong>.<\/p>\n<p style=\"text-align: right;\"><strong>\u05d4\u05e6\u05d2\u05ea \u05d4\u05ea\u05e2\u05e8\u05d5\u05db\u05d4<\/strong><br \/>\n<strong>\u05d9\u05d5\u05dd \u05e9\u05dc\u05d9\u05e9\u05d9, 3 \u05d1\u05d3\u05e6\u05de\u05d1\u05e8<\/strong><br \/>\n<strong>\u05d1\u05e9\u05e2\u05d4 19:00<\/strong><br \/>\n\u05d1\u05e0\u05d5\u05db\u05d7\u05d5\u05ea <strong>\u05d6'\u05d9\u05dc \u05e1\u05de\u05d3\u05d2'\u05d4<\/strong>, \u05de\u05e0\u05d4\u05dc \u05d4\u05ea\u05e2\u05e8\u05d5\u05db\u05d4<\/p>\n<p style=\"text-align: right;\">\u05d4\u05ea\u05e2\u05e8\u05d5\u05db\u05d4 \u05de\u05e9\u05d7\u05d6\u05e8\u05ea \u05d0\u05ea \u05d4\u05de\u05e1\u05dc\u05d5\u05dc\u05d9\u05dd \u05d5\u05d4\u05d6\u05d9\u05db\u05e8\u05d5\u05e0\u05d5\u05ea \u05e9\u05dc \u05e2\u05e9\u05e8\u05d9\u05dd \u05d5\u05e9\u05d1\u05e2 \u05d3\u05de\u05d5\u05d9\u05d5\u05ea \u05d2\u05d3\u05d5\u05dc\u05d5\u05ea \u05d1\u05e1\u05e4\u05d5\u05e8\u05d8, \u05de\u05ea\u05d7\u05d9\u05dc\u05ea \u05d4\u05de\u05d0\u05d4 \u05d4\u05e2\u05e9\u05e8\u05d9\u05dd \u05d5\u05e2\u05d3 \u05d9\u05de\u05d9\u05e0\u05d5. \u05d0\u05dc\u05d5\u05e4\u05d9\u05dd \u05d2\u05d3\u05d5\u05dc\u05d9\u05dd \u05de\u05d0\u05d5\u05d3 \u05d0\u05da \u05d2\u05dd \u05e0\u05e9\u05d9\u05dd \u05d5\u05d2\u05d1\u05e8\u05d9\u05dd \u05de\u05db\u05dc \u05e8\u05d7\u05d1\u05d9 \u05d4\u05e2\u05d5\u05dc\u05dd, \u05de\u05e2\u05d5\u05e8\u05e8\u05d9 \u05d4\u05e2\u05e8\u05e6\u05d4 \u05d1\u05e8\u05e6\u05d5\u05e0\u05dd \u05d5\u05d1\u05d0\u05d5\u05de\u05e5 \u05dc\u05d1\u05dd, \u05e9\u05db\u05ea\u05d1\u05d5 \u05d0\u05ea \u05d4\u05d4\u05d9\u05e1\u05d8\u05d5\u05e8\u05d9\u05d4 \u05d4\u05e8\u05d1\u05d4 \u05de\u05e2\u05d1\u05e8 \u05dc\u05e1\u05e4\u05d5\u05e8\u05d8, \u05d5\u05d6\u05db\u05d5 \u05d1\u05d4\u05e8\u05d1\u05d4 \u05d9\u05d5\u05ea\u05e8 \u05de\u05de\u05d3\u05dc\u05d9\u05d5\u05ea.<br \/>\n\u05d4\u05d9\u05d0 \u05e0\u05d7\u05e0\u05db\u05d4 \u05d1\u05e6\u05e8\u05e4\u05ea \u05d1\u05de\u05dc\u05d5\u05df \u05d3\u05d4 \u05dc\u05d0\u05e1\u05d9\u05d9 \u05d1-9 \u05d1\u05d0\u05e4\u05e8\u05d9\u05dc 2024 \u05d1\u05e0\u05d5\u05db\u05d7\u05d5\u05ea \u05d9\u05e2\u05dc \u05d1\u05e8\u05d0\u05d5\u05df-\u05e4\u05d9\u05d1\u05d8, \u05e0\u05e9\u05d9\u05d0\u05ea \u05d4\u05d0\u05e1\u05e4\u05d4 \u05d4\u05dc\u05d0\u05d5\u05de\u05d9\u05ea, \u05ea\u05d5\u05de\u05d0\u05e1 \u05d1\u05d0\u05da, \u05e0\u05e9\u05d9\u05d0 \u05d4\u05d5\u05d5\u05e2\u05d3 \u05d4\u05d0\u05d5\u05dc\u05d9\u05de\u05e4\u05d9 \u05d4\u05d1\u05d9\u05e0\u05dc\u05d0\u05d5\u05de\u05d9, \u05d5\u05e8\u05d5\u05e7\u05e1\u05e0\u05d4 \u05de\u05e8\u05e6'\u05d9\u05e0\u05d9\u05d0\u05e0\u05d5, \u05e1\u05d2\u05e0\u05d9\u05ea \u05d0\u05dc\u05d5\u05e4\u05d4 \u05d0\u05d5\u05dc\u05d9\u05de\u05e4\u05d9\u05ea \u05d1\u05de\u05e9\u05d7\u05e7\u05d9 \u05e1\u05d9\u05d3\u05e0\u05d9 \u05d5\u05e9\u05e8\u05ea \u05d4\u05e1\u05e4\u05d5\u05e8\u05d8 \u05dc\u05e9\u05e2\u05d1\u05e8.<br \/>\n\u05d4\u05ea\u05e2\u05e8\u05d5\u05db\u05d4 \u05d4\u05d5\u05e6\u05d2\u05d4 \u05d1\u05d0\u05d5\u05e0\u05e1\u05e7&quot;\u05d5 \u05d1\u05de\u05d4\u05dc\u05da \u05db\u05dc \u05ea\u05e7\u05d5\u05e4\u05ea \u05d4\u05de\u05e9\u05d7\u05e7\u05d9\u05dd, \u05d1\u05db\u05de\u05d4 \u05d7\u05d1\u05e8\u05d5\u05ea \u05e9\u05d5\u05ea\u05e4\u05d5\u05ea \u05dc\u05de\u05e9\u05d7\u05e7\u05d9 \u05e4\u05e8\u05d9\u05d6 2024. \u05d4\u05d9\u05d0 \u05e4\u05d2\u05e9\u05d4 \u05e7\u05d4\u05dc \u05e8\u05d7\u05d1 \u05d4\u05de\u05d5\u05e2\u05e8\u05da \u05d1\u05d9\u05d5\u05ea\u05e8 \u05de-30,000 \u05d0\u05d9\u05e9.<\/p>\n<p style=\"text-align: right;\"><img decoding=\"async\" class=\"alignright wp-image-11622 size-thumbnail\" src=\"https:\/\/www.ifjerusalem-romaingary.org\/wp-content\/uploads\/2024\/11\/Gilles-Smadja-150x150.jpg\" alt=\"\" width=\"150\" height=\"150\" \/><\/p>\n<p>&nbsp;<\/p>\n<p>&nbsp;<\/p>\n<p>&nbsp;<\/p>\n<p>&nbsp;<\/p>\n<p style=\"text-align: right;\"><strong>\u05d6'\u05d9\u05dc \u05e1\u05de\u05d3\u05d2'\u05d4<\/strong>, \u05dc\u05e9\u05e2\u05d1\u05e8 \u05db\u05ea\u05d1 \u05de\u05d9\u05d5\u05d7\u05d3 \u05d4\u05de\u05ea\u05de\u05d7\u05d4 \u05d1\u05e1\u05d9\u05e7\u05d5\u05e8 \u05d0\u05d9\u05e8\u05d5\u05e2\u05d9 \u05e1\u05e4\u05d5\u05e8\u05d8 \u05e2\u05d5\u05dc\u05de\u05d9\u05d9\u05dd, \u05de\u05d5\u05e0\u05d4 \u05dc\u05de\u05e0\u05d4\u05dc \u05dc\u05e9\u05db\u05ea \u05e9\u05e8\u05ea \u05d4\u05e1\u05e4\u05d5\u05e8\u05d8 \u05de\u05d0\u05e8\u05d9-\u05d2'\u05d5\u05e8\u05d2' \u05d1\u05d0\u05e4\u05d8 \u05d1\u05e9\u05e0\u05ea 1997. \u05d4\u05e4\u05da \u05dc\u05de\u05e0\u05d4\u05dc \u05de\u05d5\u05e2\u05d3\u05d5\u05df \u05e6\u05e8\u05e4\u05ea \u05d1\u05de\u05e9\u05d7\u05e7\u05d9 \u05e1\u05d9\u05d3\u05e0\u05d9 2000, \u05dc\u05d9\u05d5\u05d5\u05d4 \u05d0\u05ea \u05d4\u05de\u05d5\u05e2\u05de\u05d3\u05d5\u05ea \u05d4\u05d0\u05d5\u05dc\u05d9\u05de\u05e4\u05d9\u05ea \u05e9\u05dc \u05e4\u05e8\u05d9\u05d6 \u05d5\u05e0\u05d9\u05d4\u05dc \u05d0\u05ea \u05ea\u05d5\u05db\u05e0\u05d9\u05d5\u05ea \u05d4\u05dc\u05d9\u05d5\u05d5\u05d9 \u05e9\u05dc \u05d0\u05dc\u05d9\u05e4\u05d5\u05d9\u05d5\u05ea \u05d4\u05e2\u05d5\u05dc\u05dd \u05d1\u05d0\u05ea\u05dc\u05d8\u05d9\u05e7\u05d4 \u05d1\u05e9\u05e0\u05ea 2003 \u05d5\u05d2\u05d1\u05d9\u05e2 \u05d4\u05e2\u05d5\u05dc\u05dd \u05d1\u05e8\u05d5\u05d2\u05d1\u05d9 \u05d1\u05e9\u05e0\u05ea 2007. \u05d4\u05d5\u05d0 \u05d4\u05d5\u05e2\u05e0\u05e7 \u05d0\u05d1\u05d9\u05e8 \u05dc\u05d2\u05d9\u05d5\u05df \u05d4\u05db\u05d1\u05d5\u05d3 \u05d1\u05e9\u05e0\u05ea 2021<\/p>\n<p style=\"text-align: right;\"><strong>\u05de\u05e4\u05d2\u05e9 \u05d1\u05e6\u05e8\u05e4\u05ea\u05d9\u05ea \u05d5\u05d1\u05e2\u05d1\u05e8\u05d9\u05ea<\/strong><\/p>\n<p style=\"text-align: right;\">.\u05d1\u05d4\u05e9\u05ea\u05ea\u05e4\u05d5\u05ea <strong>\u05d3\u05d5\u05d3 \u05db\u05d4\u05df \u05d0\u05dc\u05e2\u05d6\u05e8<\/strong>, \u05de\u05ea\u05d5\u05e8\u05d2\u05de\u05df<\/p>\n<p style=\"text-align: right;\"><strong>\u05de\u05d5\u05de\u05dc\u05e5 \u05dc\u05d4\u05d6\u05de\u05d9\u05df \u05de\u05e7\u05d5\u05dd \u05de\u05e8\u05d0\u05e9<\/strong><\/p>\n<p style=\"text-align: right;\">\u00a0<a href=\"mailto:ifjromaingary@gmail.com\">ifjromaingary@gmail.com<\/a><\/p>\n<p style=\"text-align: right;\">\u05d0\u05d5 \u05d1\u05d8\u05dc\u05e4\u05d5\u05df: 02-624-56-31<br \/>\n<strong>\u05db\u05e0\u05d9\u05e1\u05d4 \u05d7\u05d5\u05e4\u05e9\u05d9\u05ea<\/strong><\/p>\n<p style=\"text-align: right;\">\n","protected":false},"excerpt":{"rendered":"<p>EXPOSITION\u00a0 Du 3 au 10 d\u00e9cembre Ces athl\u00e8tes qui ont chang\u00e9 le monde \u00ab Un voyage dans le temps, \u00e9mouvant et inspirant, \u00e0 travers les vies d\u2019athl\u00e8tes l\u00e9gendaires qui, par leur courage, leur d\u00e9termination et leur abn\u00e9gation, ont fait \u00e9voluer la soci\u00e9t\u00e9 et humaniser le monde \u00bb. L\u2019institut fran\u00e7ais de J\u00e9rusalem Romain Gary accueille l\u2019exposition &hellip;<\/p>\n","protected":false},"author":1,"featured_media":11624,"comment_status":"closed","ping_status":"closed","sticky":false,"template":"","format":"standard","meta":{"_exactmetrics_skip_tracking":false,"_exactmetrics_sitenote_active":false,"_exactmetrics_sitenote_note":"","_exactmetrics_sitenote_category":0,"footnotes":""},"categories":[91,160,55],"tags":[],"class_list":["post-11621","post","type-post","status-publish","format-standard","has-post-thumbnail","","category-a-la-une","category-animations-culturelles","category-diaporama"],"yoast_head":"<!-- This site is optimized with the Yoast SEO plugin v26.6 - https:\/\/yoast.com\/wordpress\/plugins\/seo\/ -->\n<title>CES ATHL\u00c8TES QUI ONT CHANG\u00c9 LE MONDE - Institut Fran\u00e7ais de J\u00e9rusalem<\/title>\n<meta name=\"robots\" content=\"index, follow, max-snippet:-1, max-image-preview:large, max-video-preview:-1\" \/>\n<link rel=\"canonical\" href=\"https:\/\/www.ifjerusalem-romaingary.org\/he\/exposition-ces-athletes-qui-ont-change-le-monde\/\" \/>\n<meta property=\"og:locale\" content=\"he_IL\" \/>\n<meta property=\"og:type\" content=\"article\" \/>\n<meta property=\"og:title\" content=\"CES ATHL\u00c8TES QUI ONT CHANG\u00c9 LE MONDE - Institut Fran\u00e7ais de J\u00e9rusalem\" \/>\n<meta property=\"og:description\" content=\"EXPOSITION\u00a0 Du 3 au 10 d\u00e9cembre Ces athl\u00e8tes qui ont chang\u00e9 le monde \u00ab Un voyage dans le temps, \u00e9mouvant et inspirant, \u00e0 travers les vies d\u2019athl\u00e8tes l\u00e9gendaires qui, par leur courage, leur d\u00e9termination et leur abn\u00e9gation, ont fait \u00e9voluer la soci\u00e9t\u00e9 et humaniser le monde \u00bb. L\u2019institut fran\u00e7ais de J\u00e9rusalem Romain Gary accueille l\u2019exposition &hellip;\" \/>\n<meta property=\"og:url\" content=\"https:\/\/www.ifjerusalem-romaingary.org\/he\/exposition-ces-athletes-qui-ont-change-le-monde\/\" \/>\n<meta property=\"og:site_name\" content=\"Institut Fran\u00e7ais de J\u00e9rusalem\" \/>\n<meta property=\"article:publisher\" content=\"https:\/\/www.facebook.com\/IFJGary\/\" \/>\n<meta property=\"article:published_time\" content=\"2024-11-27T16:07:37+00:00\" \/>\n<meta property=\"article:modified_time\" content=\"2025-03-10T15:43:47+00:00\" \/>\n<meta property=\"og:image\" content=\"https:\/\/www.ifjerusalem-romaingary.org\/wp-content\/uploads\/2024\/11\/Visuel-Site-expo-Ces-athletes-qui-ont-change-le-monde.jpg\" \/>\n\t<meta property=\"og:image:width\" content=\"1280\" \/>\n\t<meta property=\"og:image:height\" content=\"720\" \/>\n\t<meta property=\"og:image:type\" content=\"image\/jpeg\" \/>\n<meta name=\"author\" content=\"admin1386\" \/>\n<meta name=\"twitter:card\" content=\"summary_large_image\" \/>\n<meta name=\"twitter:creator\" content=\"@ifjromaingary\" \/>\n<meta name=\"twitter:site\" content=\"@ifjromaingary\" \/>\n<meta name=\"twitter:label1\" content=\"\u05e0\u05db\u05ea\u05d1 \u05e2\u05dc \u05d9\u05d3\" \/>\n\t<meta name=\"twitter:data1\" content=\"admin1386\" \/>\n\t<meta name=\"twitter:label2\" content=\"\u05d6\u05de\u05df \u05e7\u05e8\u05d9\u05d0\u05d4 \u05de\u05d5\u05e2\u05e8\u05da\" \/>\n\t<meta name=\"twitter:data2\" content=\"4 \u05d3\u05e7\u05d5\u05ea\" \/>\n<script type=\"application\/ld+json\" class=\"yoast-schema-graph\">{\"@context\":\"https:\/\/schema.org\",\"@graph\":[{\"@type\":\"Article\",\"@id\":\"https:\/\/www.ifjerusalem-romaingary.org\/he\/exposition-ces-athletes-qui-ont-change-le-monde\/#article\",\"isPartOf\":{\"@id\":\"https:\/\/www.ifjerusalem-romaingary.org\/he\/exposition-ces-athletes-qui-ont-change-le-monde\/\"},\"author\":{\"name\":\"admin1386\",\"@id\":\"https:\/\/www.ifjerusalem-romaingary.org\/he\/#\/schema\/person\/5fcfb7145c5a116fdb70cc016962c61c\"},\"headline\":\"CES ATHL\u00c8TES QUI ONT CHANG\u00c9 LE MONDE\",\"datePublished\":\"2024-11-27T16:07:37+00:00\",\"dateModified\":\"2025-03-10T15:43:47+00:00\",\"mainEntityOfPage\":{\"@id\":\"https:\/\/www.ifjerusalem-romaingary.org\/he\/exposition-ces-athletes-qui-ont-change-le-monde\/\"},\"wordCount\":400,\"publisher\":{\"@id\":\"https:\/\/www.ifjerusalem-romaingary.org\/he\/#organization\"},\"image\":{\"@id\":\"https:\/\/www.ifjerusalem-romaingary.org\/he\/exposition-ces-athletes-qui-ont-change-le-monde\/#primaryimage\"},\"thumbnailUrl\":\"https:\/\/www.ifjerusalem-romaingary.org\/wp-content\/uploads\/2024\/11\/Visuel-Site-expo-Ces-athletes-qui-ont-change-le-monde.jpg\",\"articleSection\":[\"\u00c0 LA UNE\",\"Animations culturelles\",\"Diaporama\"],\"inLanguage\":\"he-IL\"},{\"@type\":\"WebPage\",\"@id\":\"https:\/\/www.ifjerusalem-romaingary.org\/he\/exposition-ces-athletes-qui-ont-change-le-monde\/\",\"url\":\"https:\/\/www.ifjerusalem-romaingary.org\/he\/exposition-ces-athletes-qui-ont-change-le-monde\/\",\"name\":\"CES ATHL\u00c8TES QUI ONT CHANG\u00c9 LE MONDE - Institut Fran\u00e7ais de J\u00e9rusalem\",\"isPartOf\":{\"@id\":\"https:\/\/www.ifjerusalem-romaingary.org\/he\/#website\"},\"primaryImageOfPage\":{\"@id\":\"https:\/\/www.ifjerusalem-romaingary.org\/he\/exposition-ces-athletes-qui-ont-change-le-monde\/#primaryimage\"},\"image\":{\"@id\":\"https:\/\/www.ifjerusalem-romaingary.org\/he\/exposition-ces-athletes-qui-ont-change-le-monde\/#primaryimage\"},\"thumbnailUrl\":\"https:\/\/www.ifjerusalem-romaingary.org\/wp-content\/uploads\/2024\/11\/Visuel-Site-expo-Ces-athletes-qui-ont-change-le-monde.jpg\",\"datePublished\":\"2024-11-27T16:07:37+00:00\",\"dateModified\":\"2025-03-10T15:43:47+00:00\",\"breadcrumb\":{\"@id\":\"https:\/\/www.ifjerusalem-romaingary.org\/he\/exposition-ces-athletes-qui-ont-change-le-monde\/#breadcrumb\"},\"inLanguage\":\"he-IL\",\"potentialAction\":[{\"@type\":\"ReadAction\",\"target\":[\"https:\/\/www.ifjerusalem-romaingary.org\/he\/exposition-ces-athletes-qui-ont-change-le-monde\/\"]}]},{\"@type\":\"ImageObject\",\"inLanguage\":\"he-IL\",\"@id\":\"https:\/\/www.ifjerusalem-romaingary.org\/he\/exposition-ces-athletes-qui-ont-change-le-monde\/#primaryimage\",\"url\":\"https:\/\/www.ifjerusalem-romaingary.org\/wp-content\/uploads\/2024\/11\/Visuel-Site-expo-Ces-athletes-qui-ont-change-le-monde.jpg\",\"contentUrl\":\"https:\/\/www.ifjerusalem-romaingary.org\/wp-content\/uploads\/2024\/11\/Visuel-Site-expo-Ces-athletes-qui-ont-change-le-monde.jpg\",\"width\":1280,\"height\":720},{\"@type\":\"BreadcrumbList\",\"@id\":\"https:\/\/www.ifjerusalem-romaingary.org\/he\/exposition-ces-athletes-qui-ont-change-le-monde\/#breadcrumb\",\"itemListElement\":[{\"@type\":\"ListItem\",\"position\":1,\"name\":\"Accueil\",\"item\":\"https:\/\/www.ifjerusalem-romaingary.org\/he\/accueil\/\"},{\"@type\":\"ListItem\",\"position\":2,\"name\":\"CES ATHL\u00c8TES QUI ONT CHANG\u00c9 LE MONDE\"}]},{\"@type\":\"WebSite\",\"@id\":\"https:\/\/www.ifjerusalem-romaingary.org\/he\/#website\",\"url\":\"https:\/\/www.ifjerusalem-romaingary.org\/he\/\",\"name\":\"Institut Fran\u00e7ais de J\u00e9rusalem\",\"description\":\"Romain Gary\",\"publisher\":{\"@id\":\"https:\/\/www.ifjerusalem-romaingary.org\/he\/#organization\"},\"potentialAction\":[{\"@type\":\"SearchAction\",\"target\":{\"@type\":\"EntryPoint\",\"urlTemplate\":\"https:\/\/www.ifjerusalem-romaingary.org\/he\/?s={search_term_string}\"},\"query-input\":{\"@type\":\"PropertyValueSpecification\",\"valueRequired\":true,\"valueName\":\"search_term_string\"}}],\"inLanguage\":\"he-IL\"},{\"@type\":\"Organization\",\"@id\":\"https:\/\/www.ifjerusalem-romaingary.org\/he\/#organization\",\"name\":\"Institut fran\u00e7ais de Jerusalem\",\"url\":\"https:\/\/www.ifjerusalem-romaingary.org\/he\/\",\"logo\":{\"@type\":\"ImageObject\",\"inLanguage\":\"he-IL\",\"@id\":\"https:\/\/www.ifjerusalem-romaingary.org\/he\/#\/schema\/logo\/image\/\",\"url\":\"https:\/\/www.ifjerusalem-romaingary.org\/wp-content\/uploads\/2020\/01\/logo-Cons-Jerusalem-IFJ-2016@2x.png\",\"contentUrl\":\"https:\/\/www.ifjerusalem-romaingary.org\/wp-content\/uploads\/2020\/01\/logo-Cons-Jerusalem-IFJ-2016@2x.png\",\"width\":480,\"height\":163,\"caption\":\"Institut fran\u00e7ais de Jerusalem\"},\"image\":{\"@id\":\"https:\/\/www.ifjerusalem-romaingary.org\/he\/#\/schema\/logo\/image\/\"},\"sameAs\":[\"https:\/\/www.facebook.com\/IFJGary\/\",\"https:\/\/x.com\/ifjromaingary\"]},{\"@type\":\"Person\",\"@id\":\"https:\/\/www.ifjerusalem-romaingary.org\/he\/#\/schema\/person\/5fcfb7145c5a116fdb70cc016962c61c\",\"name\":\"admin1386\",\"image\":{\"@type\":\"ImageObject\",\"inLanguage\":\"he-IL\",\"@id\":\"https:\/\/www.ifjerusalem-romaingary.org\/he\/#\/schema\/person\/image\/\",\"url\":\"https:\/\/secure.gravatar.com\/avatar\/d77e1c333179dcba6ae9bb7b69103738277c9e907cbad663f818876524fadbd9?s=96&d=mm&r=g\",\"contentUrl\":\"https:\/\/secure.gravatar.com\/avatar\/d77e1c333179dcba6ae9bb7b69103738277c9e907cbad663f818876524fadbd9?s=96&d=mm&r=g\",\"caption\":\"admin1386\"}}]}<\/script>\n<!-- \/ Yoast SEO plugin. -->","yoast_head_json":{"title":"CES ATHL\u00c8TES QUI ONT CHANG\u00c9 LE MONDE - Institut Fran\u00e7ais de J\u00e9rusalem","robots":{"index":"index","follow":"follow","max-snippet":"max-snippet:-1","max-image-preview":"max-image-preview:large","max-video-preview":"max-video-preview:-1"},"canonical":"https:\/\/www.ifjerusalem-romaingary.org\/he\/exposition-ces-athletes-qui-ont-change-le-monde\/","og_locale":"he_IL","og_type":"article","og_title":"CES ATHL\u00c8TES QUI ONT CHANG\u00c9 LE MONDE - Institut Fran\u00e7ais de J\u00e9rusalem","og_description":"EXPOSITION\u00a0 Du 3 au 10 d\u00e9cembre Ces athl\u00e8tes qui ont chang\u00e9 le monde \u00ab Un voyage dans le temps, \u00e9mouvant et inspirant, \u00e0 travers les vies d\u2019athl\u00e8tes l\u00e9gendaires qui, par leur courage, leur d\u00e9termination et leur abn\u00e9gation, ont fait \u00e9voluer la soci\u00e9t\u00e9 et humaniser le monde \u00bb. L\u2019institut fran\u00e7ais de J\u00e9rusalem Romain Gary accueille l\u2019exposition &hellip;","og_url":"https:\/\/www.ifjerusalem-romaingary.org\/he\/exposition-ces-athletes-qui-ont-change-le-monde\/","og_site_name":"Institut Fran\u00e7ais de J\u00e9rusalem","article_publisher":"https:\/\/www.facebook.com\/IFJGary\/","article_published_time":"2024-11-27T16:07:37+00:00","article_modified_time":"2025-03-10T15:43:47+00:00","og_image":[{"width":1280,"height":720,"url":"https:\/\/www.ifjerusalem-romaingary.org\/wp-content\/uploads\/2024\/11\/Visuel-Site-expo-Ces-athletes-qui-ont-change-le-monde.jpg","type":"image\/jpeg"}],"author":"admin1386","twitter_card":"summary_large_image","twitter_creator":"@ifjromaingary","twitter_site":"@ifjromaingary","twitter_misc":{"\u05e0\u05db\u05ea\u05d1 \u05e2\u05dc \u05d9\u05d3":"admin1386","\u05d6\u05de\u05df \u05e7\u05e8\u05d9\u05d0\u05d4 \u05de\u05d5\u05e2\u05e8\u05da":"4 \u05d3\u05e7\u05d5\u05ea"},"schema":{"@context":"https:\/\/schema.org","@graph":[{"@type":"Article","@id":"https:\/\/www.ifjerusalem-romaingary.org\/he\/exposition-ces-athletes-qui-ont-change-le-monde\/#article","isPartOf":{"@id":"https:\/\/www.ifjerusalem-romaingary.org\/he\/exposition-ces-athletes-qui-ont-change-le-monde\/"},"author":{"name":"admin1386","@id":"https:\/\/www.ifjerusalem-romaingary.org\/he\/#\/schema\/person\/5fcfb7145c5a116fdb70cc016962c61c"},"headline":"CES ATHL\u00c8TES QUI ONT CHANG\u00c9 LE MONDE","datePublished":"2024-11-27T16:07:37+00:00","dateModified":"2025-03-10T15:43:47+00:00","mainEntityOfPage":{"@id":"https:\/\/www.ifjerusalem-romaingary.org\/he\/exposition-ces-athletes-qui-ont-change-le-monde\/"},"wordCount":400,"publisher":{"@id":"https:\/\/www.ifjerusalem-romaingary.org\/he\/#organization"},"image":{"@id":"https:\/\/www.ifjerusalem-romaingary.org\/he\/exposition-ces-athletes-qui-ont-change-le-monde\/#primaryimage"},"thumbnailUrl":"https:\/\/www.ifjerusalem-romaingary.org\/wp-content\/uploads\/2024\/11\/Visuel-Site-expo-Ces-athletes-qui-ont-change-le-monde.jpg","articleSection":["\u00c0 LA UNE","Animations culturelles","Diaporama"],"inLanguage":"he-IL"},{"@type":"WebPage","@id":"https:\/\/www.ifjerusalem-romaingary.org\/he\/exposition-ces-athletes-qui-ont-change-le-monde\/","url":"https:\/\/www.ifjerusalem-romaingary.org\/he\/exposition-ces-athletes-qui-ont-change-le-monde\/","name":"CES ATHL\u00c8TES QUI ONT CHANG\u00c9 LE MONDE - Institut Fran\u00e7ais de J\u00e9rusalem","isPartOf":{"@id":"https:\/\/www.ifjerusalem-romaingary.org\/he\/#website"},"primaryImageOfPage":{"@id":"https:\/\/www.ifjerusalem-romaingary.org\/he\/exposition-ces-athletes-qui-ont-change-le-monde\/#primaryimage"},"image":{"@id":"https:\/\/www.ifjerusalem-romaingary.org\/he\/exposition-ces-athletes-qui-ont-change-le-monde\/#primaryimage"},"thumbnailUrl":"https:\/\/www.ifjerusalem-romaingary.org\/wp-content\/uploads\/2024\/11\/Visuel-Site-expo-Ces-athletes-qui-ont-change-le-monde.jpg","datePublished":"2024-11-27T16:07:37+00:00","dateModified":"2025-03-10T15:43:47+00:00","breadcrumb":{"@id":"https:\/\/www.ifjerusalem-romaingary.org\/he\/exposition-ces-athletes-qui-ont-change-le-monde\/#breadcrumb"},"inLanguage":"he-IL","potentialAction":[{"@type":"ReadAction","target":["https:\/\/www.ifjerusalem-romaingary.org\/he\/exposition-ces-athletes-qui-ont-change-le-monde\/"]}]},{"@type":"ImageObject","inLanguage":"he-IL","@id":"https:\/\/www.ifjerusalem-romaingary.org\/he\/exposition-ces-athletes-qui-ont-change-le-monde\/#primaryimage","url":"https:\/\/www.ifjerusalem-romaingary.org\/wp-content\/uploads\/2024\/11\/Visuel-Site-expo-Ces-athletes-qui-ont-change-le-monde.jpg","contentUrl":"https:\/\/www.ifjerusalem-romaingary.org\/wp-content\/uploads\/2024\/11\/Visuel-Site-expo-Ces-athletes-qui-ont-change-le-monde.jpg","width":1280,"height":720},{"@type":"BreadcrumbList","@id":"https:\/\/www.ifjerusalem-romaingary.org\/he\/exposition-ces-athletes-qui-ont-change-le-monde\/#breadcrumb","itemListElement":[{"@type":"ListItem","position":1,"name":"Accueil","item":"https:\/\/www.ifjerusalem-romaingary.org\/he\/accueil\/"},{"@type":"ListItem","position":2,"name":"CES ATHL\u00c8TES QUI ONT CHANG\u00c9 LE MONDE"}]},{"@type":"WebSite","@id":"https:\/\/www.ifjerusalem-romaingary.org\/he\/#website","url":"https:\/\/www.ifjerusalem-romaingary.org\/he\/","name":"Institut Fran\u00e7ais de J\u00e9rusalem","description":"Romain Gary","publisher":{"@id":"https:\/\/www.ifjerusalem-romaingary.org\/he\/#organization"},"potentialAction":[{"@type":"SearchAction","target":{"@type":"EntryPoint","urlTemplate":"https:\/\/www.ifjerusalem-romaingary.org\/he\/?s={search_term_string}"},"query-input":{"@type":"PropertyValueSpecification","valueRequired":true,"valueName":"search_term_string"}}],"inLanguage":"he-IL"},{"@type":"Organization","@id":"https:\/\/www.ifjerusalem-romaingary.org\/he\/#organization","name":"Institut fran\u00e7ais de Jerusalem","url":"https:\/\/www.ifjerusalem-romaingary.org\/he\/","logo":{"@type":"ImageObject","inLanguage":"he-IL","@id":"https:\/\/www.ifjerusalem-romaingary.org\/he\/#\/schema\/logo\/image\/","url":"https:\/\/www.ifjerusalem-romaingary.org\/wp-content\/uploads\/2020\/01\/logo-Cons-Jerusalem-IFJ-2016@2x.png","contentUrl":"https:\/\/www.ifjerusalem-romaingary.org\/wp-content\/uploads\/2020\/01\/logo-Cons-Jerusalem-IFJ-2016@2x.png","width":480,"height":163,"caption":"Institut fran\u00e7ais de Jerusalem"},"image":{"@id":"https:\/\/www.ifjerusalem-romaingary.org\/he\/#\/schema\/logo\/image\/"},"sameAs":["https:\/\/www.facebook.com\/IFJGary\/","https:\/\/x.com\/ifjromaingary"]},{"@type":"Person","@id":"https:\/\/www.ifjerusalem-romaingary.org\/he\/#\/schema\/person\/5fcfb7145c5a116fdb70cc016962c61c","name":"admin1386","image":{"@type":"ImageObject","inLanguage":"he-IL","@id":"https:\/\/www.ifjerusalem-romaingary.org\/he\/#\/schema\/person\/image\/","url":"https:\/\/secure.gravatar.com\/avatar\/d77e1c333179dcba6ae9bb7b69103738277c9e907cbad663f818876524fadbd9?s=96&d=mm&r=g","contentUrl":"https:\/\/secure.gravatar.com\/avatar\/d77e1c333179dcba6ae9bb7b69103738277c9e907cbad663f818876524fadbd9?s=96&d=mm&r=g","caption":"admin1386"}}]}},"_links":{"self":[{"href":"https:\/\/www.ifjerusalem-romaingary.org\/he\/wp-json\/wp\/v2\/posts\/11621","targetHints":{"allow":["GET"]}}],"collection":[{"href":"https:\/\/www.ifjerusalem-romaingary.org\/he\/wp-json\/wp\/v2\/posts"}],"about":[{"href":"https:\/\/www.ifjerusalem-romaingary.org\/he\/wp-json\/wp\/v2\/types\/post"}],"author":[{"embeddable":true,"href":"https:\/\/www.ifjerusalem-romaingary.org\/he\/wp-json\/wp\/v2\/users\/1"}],"replies":[{"embeddable":true,"href":"https:\/\/www.ifjerusalem-romaingary.org\/he\/wp-json\/wp\/v2\/comments?post=11621"}],"version-history":[{"count":7,"href":"https:\/\/www.ifjerusalem-romaingary.org\/he\/wp-json\/wp\/v2\/posts\/11621\/revisions"}],"predecessor-version":[{"id":11933,"href":"https:\/\/www.ifjerusalem-romaingary.org\/he\/wp-json\/wp\/v2\/posts\/11621\/revisions\/11933"}],"wp:featuredmedia":[{"embeddable":true,"href":"https:\/\/www.ifjerusalem-romaingary.org\/he\/wp-json\/wp\/v2\/media\/11624"}],"wp:attachment":[{"href":"https:\/\/www.ifjerusalem-romaingary.org\/he\/wp-json\/wp\/v2\/media?parent=11621"}],"wp:term":[{"taxonomy":"category","embeddable":true,"href":"https:\/\/www.ifjerusalem-romaingary.org\/he\/wp-json\/wp\/v2\/categories?post=11621"},{"taxonomy":"post_tag","embeddable":true,"href":"https:\/\/www.ifjerusalem-romaingary.org\/he\/wp-json\/wp\/v2\/tags?post=11621"}],"curies":[{"name":"wp","href":"https:\/\/api.w.org\/{rel}","templated":true}]}}