{"id":12032,"date":"2025-07-08T09:25:48","date_gmt":"2025-07-08T06:25:48","guid":{"rendered":"https:\/\/www.ifjerusalem-romaingary.org\/?p=12032"},"modified":"2025-07-08T09:51:57","modified_gmt":"2025-07-08T06:51:57","slug":"journees-de-larcheologie-sous-tes-pierres-jerusalem","status":"publish","type":"post","link":"https:\/\/www.ifjerusalem-romaingary.org\/he\/journees-de-larcheologie-sous-tes-pierres-jerusalem\/","title":{"rendered":"JOURN\u00c9ES DE L\u2019ARCH\u00c9OLOGIE : &quot;SOUS TES PIERRES, J\u00c9RUSALEM&quot;"},"content":{"rendered":"<p><!--StartFragment --><\/p>\n<p><b><i>SOUS TES PIERRES, J\u00c9RUSALEM<\/i><\/b><\/p>\n<p><b><i>Quand l\u2019arch\u00e9ologie fait l\u2019histoire<\/i><\/b><\/p>\n<p><span style=\"font-weight: 400;\">A l\u2019occasion des journ\u00e9es de l\u2019arch\u00e9ologie, initi\u00e9es par le minist\u00e8re de la Culture et pilot\u00e9es par l\u2019Institut national de recherches arch\u00e9ologiques pr\u00e9ventives (Inrap), les Journ\u00e9es de l\u2019arch\u00e9ologie invitent le public \u00e0 explorer le pass\u00e9, du plus ancien au plus r\u00e9cent, et de la fouille au mus\u00e9e.\u00a0 \u00c0 cette occasion, les acteurs de l\u2019arch\u00e9ologie se mobilisent afin de partager leurs connaissances, leurs expertises, leurs m\u00e9tiers et leurs d\u00e9couvertes avec tous les publics.\u00a0<\/span><\/p>\n<p><span style=\"font-weight: 400;\">Dans le cadre de la 16e \u00e9dition de cette manifestation annuelle, l\u2019institut fran\u00e7ais de J\u00e9rusalem Romain Gary invite <\/span><b>Fr\u00e9d\u00e9rique Schillo<\/b><span style=\"font-weight: 400;\"> et <\/span><b>Marius Schattner<\/b><span style=\"font-weight: 400;\">, auteurs de l\u2019ouvrage <\/span><b><i>Sous tes pierres J\u00e9rusalem. Quand l\u2019arch\u00e9ologie fait l\u2019histoire <\/i><\/b><span style=\"font-weight: 400;\">(Plon 2025).<\/span><\/p>\n<p><b>LUNDI 7 JUILLET<\/b><\/p>\n<p><b>\u00c0 19H30<\/b><\/p>\n<p><span style=\"font-weight: 400;\">Il n\u2019est pas une pierre de J\u00e9rusalem qui n\u2019ait \u00e9t\u00e9 disput\u00e9e \u00e0 la lumi\u00e8re des textes sacr\u00e9s. Les principales fouilles de l\u2019arch\u00e9ologie biblique, qui y a gagn\u00e9 ses lettres de noblesse, sont pr\u00e9sent\u00e9es dans cet ouvrage. La recherche des rapports entre foi et histoire, mythe et r\u00e9alit\u00e9, est au c\u0153ur de cette enqu\u00eate men\u00e9e par une historienne et un journaliste..<\/span><\/p>\n<figure id=\"attachment_12033\" aria-describedby=\"caption-attachment-12033\" style=\"width: 150px\" class=\"wp-caption alignnone\"><img decoding=\"async\" class=\"wp-image-12033 size-thumbnail\" style=\"font-weight: bold; background-color: transparent; color: #767676;\" src=\"https:\/\/www.ifjerusalem-romaingary.org\/wp-content\/uploads\/2025\/06\/photo-Frederique-Schillo-150x150.jpg\" alt=\"\" width=\"150\" height=\"150\" \/><figcaption id=\"caption-attachment-12033\" class=\"wp-caption-text\">Fr\u00e9d\u00e9rique Schillo<\/figcaption><\/figure>\n<p><span style=\"font-weight: 400;\">Historienne franco-isra\u00e9lienne, sp\u00e9cialiste d'Isra\u00ebl et des relations internationales, <\/span><b>Fr\u00e9d\u00e9rique Schillo<\/b><span style=\"font-weight: 400;\"> vit \u00e0 J\u00e9rusalem depuis une dizaine d\u2019ann\u00e9es. Elle est l\u2019auteure de <\/span><i><span style=\"font-weight: 400;\">La France et la cr\u00e9ation de l'Etat d'Isra\u00ebl<\/span><\/i><span style=\"font-weight: 400;\"> (Artcom' 1997), <\/span><i><span style=\"font-weight: 400;\">La Politique fran\u00e7aise \u00e0 l'\u00e9gard d'Isra\u00ebl<\/span><\/i><span style=\"font-weight: 400;\">, tir\u00e9 de sa th\u00e8se de doctorat soutenue \u00e0 Sciences-Po (Andr\u00e9 Versaille &#8211; Prix Jean-Baptiste Duroselle 2009), elle a co\u00e9crit avec Marius Schattner <\/span><i><span style=\"font-weight: 400;\">La Guerre du Kippour n'aura pas lieu<\/span><\/i><span style=\"font-weight: 400;\"> (Andr\u00e9 Versaille 2011 &#8211; r\u00e9-\u00e9dition Archipoche 2023).<\/span><\/p>\n<figure id=\"attachment_12035\" aria-describedby=\"caption-attachment-12035\" style=\"width: 150px\" class=\"wp-caption alignnone\"><img decoding=\"async\" class=\"wp-image-12035 size-thumbnail\" style=\"font-weight: bold; background-color: transparent; color: #767676;\" src=\"https:\/\/www.ifjerusalem-romaingary.org\/wp-content\/uploads\/2025\/06\/Photo-Marius-Schattner-150x150.png\" alt=\"\" width=\"150\" height=\"150\" \/><figcaption id=\"caption-attachment-12035\" class=\"wp-caption-text\">Marius Schattner<\/figcaption><\/figure>\n<p><span style=\"font-weight: 400;\">N\u00e9 en 1943 \u00e0 Nice sous occupation nazie, de parents originaires d\u2019Autriche Hongrie, <\/span><b>Marius Schattner <\/b><span style=\"font-weight: 400;\">immigre en Isra\u00ebl en f\u00e9vrier 1968. Apr\u00e8s un s\u00e9jour au kibboutz, il \u00e9tudie les math\u00e9matiques \u00e0 l\u2019Universit\u00e9\u00a0 h\u00e9bra\u00efque de J\u00e9rusalem. Correspondant de l\u2019Agence France Presse \u00e0 J\u00e9rusalem de 1981 \u00e0 2011, il est l\u2019auteur\u00a0 de quatre\u00a0 ouvrages : <\/span><i><span style=\"font-weight: 400;\">Histoire de la droite isra\u00e9lien<\/span><\/i><span style=\"font-weight: 400;\">ne (Complexe 1999), <\/span><i><span style=\"font-weight: 400;\">Isra\u00ebl l\u2019Autre conflit : la\u00efcs contre religieux<\/span><\/i><span style=\"font-weight: 400;\"> (Andr\u00e9 Versaille 2008) , <\/span><i><span style=\"font-weight: 400;\">La guerre du Kippour n\u2019aura pas lieu <\/span><\/i><span style=\"font-weight: 400;\">(co-auteure Fr\u00e9d\u00e9rique Schillo, Andr\u00e9 Versaille, r\u00e9\u00e9dit\u00e9\u00a0 en 2023).<\/span><\/p>\n<figure id=\"attachment_12037\" aria-describedby=\"caption-attachment-12037\" style=\"width: 150px\" class=\"wp-caption alignleft\"><img decoding=\"async\" class=\"wp-image-12037 size-thumbnail\" src=\"https:\/\/www.ifjerusalem-romaingary.org\/wp-content\/uploads\/2025\/06\/photo-Guillaume-de-Dieuleveut-150x150.jpeg\" alt=\"\" width=\"150\" height=\"150\" \/><figcaption id=\"caption-attachment-12037\" class=\"wp-caption-text\">Guillaume de Dieuleveult<\/figcaption><\/figure>\n<p>&nbsp;<\/p>\n<p>&nbsp;<\/p>\n<p>&nbsp;<\/p>\n<p>&nbsp;<\/p>\n<p>&nbsp;<\/p>\n<p><span style=\"font-weight: 400;\">Cette rencontre en fran\u00e7ais sera anim\u00e9e par <\/span><b>Guillaume de Dieuleveult<\/b><span style=\"font-weight: 400;\">, correspondant du Figaro \u00e0 J\u00e9rusalem.<\/span><\/p>\n<p><span style=\"font-weight: 400;\">R\u00e9servation conseill\u00e9e : <\/span><span style=\"font-weight: 400;\">ifjromaingary@gmail.com<\/span><\/p>\n<p><span style=\"font-weight: 400;\">ou par t\u00e9l\u00e9phone : 02-624 31 56<\/span><\/p>\n<p><span style=\"font-weight: 400;\">Entr\u00e9e : 30\u00a0 \u20aa\u00a0 \/ entr\u00e9e libre pour les adh\u00e9rents de la m\u00e9diath\u00e8que et \u00e9l\u00e8ves de l\u2019institut fran\u00e7ais Romain Gary<\/span><\/p>\n","protected":false},"excerpt":{"rendered":"<p>SOUS TES PIERRES, J\u00c9RUSALEM Quand l\u2019arch\u00e9ologie fait l\u2019histoire A l\u2019occasion des journ\u00e9es de l\u2019arch\u00e9ologie, initi\u00e9es par le minist\u00e8re de la Culture et pilot\u00e9es par l\u2019Institut national de recherches arch\u00e9ologiques pr\u00e9ventives (Inrap), les Journ\u00e9es de l\u2019arch\u00e9ologie invitent le public \u00e0 explorer le pass\u00e9, du plus ancien au plus r\u00e9cent, et de la fouille au mus\u00e9e.\u00a0 \u00c0 &hellip;<\/p>\n","protected":false},"author":1,"featured_media":12039,"comment_status":"closed","ping_status":"closed","sticky":false,"template":"","format":"standard","meta":{"_exactmetrics_skip_tracking":false,"_exactmetrics_sitenote_active":false,"_exactmetrics_sitenote_note":"","_exactmetrics_sitenote_category":0,"footnotes":""},"categories":[91,94,55],"tags":[],"class_list":["post-12032","post","type-post","status-publish","format-standard","has-post-thumbnail","","category-a-la-une","category-agenda-culturel","category-diaporama"],"yoast_head":"<!-- This site is optimized with the Yoast SEO plugin v26.6 - https:\/\/yoast.com\/wordpress\/plugins\/seo\/ -->\n<title>JOURN\u00c9ES DE L\u2019ARCH\u00c9OLOGIE : &quot;SOUS TES PIERRES, J\u00c9RUSALEM&quot; - Institut Fran\u00e7ais de J\u00e9rusalem<\/title>\n<meta name=\"robots\" content=\"index, follow, max-snippet:-1, max-image-preview:large, max-video-preview:-1\" \/>\n<link rel=\"canonical\" href=\"https:\/\/www.ifjerusalem-romaingary.org\/he\/journees-de-larcheologie-sous-tes-pierres-jerusalem\/\" \/>\n<meta property=\"og:locale\" content=\"he_IL\" \/>\n<meta property=\"og:type\" content=\"article\" \/>\n<meta property=\"og:title\" content=\"JOURN\u00c9ES DE L\u2019ARCH\u00c9OLOGIE : &quot;SOUS TES PIERRES, J\u00c9RUSALEM&quot; - Institut Fran\u00e7ais de J\u00e9rusalem\" \/>\n<meta property=\"og:description\" content=\"SOUS TES PIERRES, J\u00c9RUSALEM Quand l\u2019arch\u00e9ologie fait l\u2019histoire A l\u2019occasion des journ\u00e9es de l\u2019arch\u00e9ologie, initi\u00e9es par le minist\u00e8re de la Culture et pilot\u00e9es par l\u2019Institut national de recherches arch\u00e9ologiques pr\u00e9ventives (Inrap), les Journ\u00e9es de l\u2019arch\u00e9ologie invitent le public \u00e0 explorer le pass\u00e9, du plus ancien au plus r\u00e9cent, et de la fouille au mus\u00e9e.\u00a0 \u00c0 &hellip;\" \/>\n<meta property=\"og:url\" content=\"https:\/\/www.ifjerusalem-romaingary.org\/he\/journees-de-larcheologie-sous-tes-pierres-jerusalem\/\" \/>\n<meta property=\"og:site_name\" content=\"Institut Fran\u00e7ais de J\u00e9rusalem\" \/>\n<meta property=\"article:publisher\" content=\"https:\/\/www.facebook.com\/IFJGary\/\" \/>\n<meta property=\"article:published_time\" content=\"2025-07-08T06:25:48+00:00\" \/>\n<meta property=\"article:modified_time\" content=\"2025-07-08T06:51:57+00:00\" \/>\n<meta property=\"og:image\" content=\"https:\/\/www.ifjerusalem-romaingary.org\/wp-content\/uploads\/2025\/06\/Visuel-article-site-Sous-tes-pierres-Jerusalem.jpg\" \/>\n\t<meta property=\"og:image:width\" content=\"351\" \/>\n\t<meta property=\"og:image:height\" content=\"240\" \/>\n\t<meta property=\"og:image:type\" content=\"image\/jpeg\" \/>\n<meta name=\"author\" content=\"admin1386\" \/>\n<meta name=\"twitter:card\" content=\"summary_large_image\" \/>\n<meta name=\"twitter:creator\" content=\"@ifjromaingary\" \/>\n<meta name=\"twitter:site\" content=\"@ifjromaingary\" \/>\n<meta name=\"twitter:label1\" content=\"\u05e0\u05db\u05ea\u05d1 \u05e2\u05dc \u05d9\u05d3\" \/>\n\t<meta name=\"twitter:data1\" content=\"admin1386\" \/>\n\t<meta name=\"twitter:label2\" content=\"\u05d6\u05de\u05df \u05e7\u05e8\u05d9\u05d0\u05d4 \u05de\u05d5\u05e2\u05e8\u05da\" \/>\n\t<meta name=\"twitter:data2\" content=\"3 \u05d3\u05e7\u05d5\u05ea\" \/>\n<script type=\"application\/ld+json\" class=\"yoast-schema-graph\">{\"@context\":\"https:\/\/schema.org\",\"@graph\":[{\"@type\":\"Article\",\"@id\":\"https:\/\/www.ifjerusalem-romaingary.org\/he\/journees-de-larcheologie-sous-tes-pierres-jerusalem\/#article\",\"isPartOf\":{\"@id\":\"https:\/\/www.ifjerusalem-romaingary.org\/he\/journees-de-larcheologie-sous-tes-pierres-jerusalem\/\"},\"author\":{\"name\":\"admin1386\",\"@id\":\"https:\/\/www.ifjerusalem-romaingary.org\/he\/#\/schema\/person\/5fcfb7145c5a116fdb70cc016962c61c\"},\"headline\":\"JOURN\u00c9ES DE L\u2019ARCH\u00c9OLOGIE : &quot;SOUS TES PIERRES, J\u00c9RUSALEM&quot;\",\"datePublished\":\"2025-07-08T06:25:48+00:00\",\"dateModified\":\"2025-07-08T06:51:57+00:00\",\"mainEntityOfPage\":{\"@id\":\"https:\/\/www.ifjerusalem-romaingary.org\/he\/journees-de-larcheologie-sous-tes-pierres-jerusalem\/\"},\"wordCount\":499,\"publisher\":{\"@id\":\"https:\/\/www.ifjerusalem-romaingary.org\/he\/#organization\"},\"image\":{\"@id\":\"https:\/\/www.ifjerusalem-romaingary.org\/he\/journees-de-larcheologie-sous-tes-pierres-jerusalem\/#primaryimage\"},\"thumbnailUrl\":\"https:\/\/www.ifjerusalem-romaingary.org\/wp-content\/uploads\/2025\/06\/Visuel-article-site-Sous-tes-pierres-Jerusalem.jpg\",\"articleSection\":[\"\u00c0 LA UNE\",\"Agenda culturel\",\"Diaporama\"],\"inLanguage\":\"he-IL\"},{\"@type\":\"WebPage\",\"@id\":\"https:\/\/www.ifjerusalem-romaingary.org\/he\/journees-de-larcheologie-sous-tes-pierres-jerusalem\/\",\"url\":\"https:\/\/www.ifjerusalem-romaingary.org\/he\/journees-de-larcheologie-sous-tes-pierres-jerusalem\/\",\"name\":\"JOURN\u00c9ES DE L\u2019ARCH\u00c9OLOGIE : \\\"SOUS TES PIERRES, J\u00c9RUSALEM\\\" - Institut Fran\u00e7ais de J\u00e9rusalem\",\"isPartOf\":{\"@id\":\"https:\/\/www.ifjerusalem-romaingary.org\/he\/#website\"},\"primaryImageOfPage\":{\"@id\":\"https:\/\/www.ifjerusalem-romaingary.org\/he\/journees-de-larcheologie-sous-tes-pierres-jerusalem\/#primaryimage\"},\"image\":{\"@id\":\"https:\/\/www.ifjerusalem-romaingary.org\/he\/journees-de-larcheologie-sous-tes-pierres-jerusalem\/#primaryimage\"},\"thumbnailUrl\":\"https:\/\/www.ifjerusalem-romaingary.org\/wp-content\/uploads\/2025\/06\/Visuel-article-site-Sous-tes-pierres-Jerusalem.jpg\",\"datePublished\":\"2025-07-08T06:25:48+00:00\",\"dateModified\":\"2025-07-08T06:51:57+00:00\",\"breadcrumb\":{\"@id\":\"https:\/\/www.ifjerusalem-romaingary.org\/he\/journees-de-larcheologie-sous-tes-pierres-jerusalem\/#breadcrumb\"},\"inLanguage\":\"he-IL\",\"potentialAction\":[{\"@type\":\"ReadAction\",\"target\":[\"https:\/\/www.ifjerusalem-romaingary.org\/he\/journees-de-larcheologie-sous-tes-pierres-jerusalem\/\"]}]},{\"@type\":\"ImageObject\",\"inLanguage\":\"he-IL\",\"@id\":\"https:\/\/www.ifjerusalem-romaingary.org\/he\/journees-de-larcheologie-sous-tes-pierres-jerusalem\/#primaryimage\",\"url\":\"https:\/\/www.ifjerusalem-romaingary.org\/wp-content\/uploads\/2025\/06\/Visuel-article-site-Sous-tes-pierres-Jerusalem.jpg\",\"contentUrl\":\"https:\/\/www.ifjerusalem-romaingary.org\/wp-content\/uploads\/2025\/06\/Visuel-article-site-Sous-tes-pierres-Jerusalem.jpg\",\"width\":351,\"height\":240},{\"@type\":\"BreadcrumbList\",\"@id\":\"https:\/\/www.ifjerusalem-romaingary.org\/he\/journees-de-larcheologie-sous-tes-pierres-jerusalem\/#breadcrumb\",\"itemListElement\":[{\"@type\":\"ListItem\",\"position\":1,\"name\":\"Accueil\",\"item\":\"https:\/\/www.ifjerusalem-romaingary.org\/he\/accueil\/\"},{\"@type\":\"ListItem\",\"position\":2,\"name\":\"JOURN\u00c9ES DE L\u2019ARCH\u00c9OLOGIE : \u00ab\u00a0SOUS TES PIERRES, J\u00c9RUSALEM\u00a0\u00bb\"}]},{\"@type\":\"WebSite\",\"@id\":\"https:\/\/www.ifjerusalem-romaingary.org\/he\/#website\",\"url\":\"https:\/\/www.ifjerusalem-romaingary.org\/he\/\",\"name\":\"Institut Fran\u00e7ais de J\u00e9rusalem\",\"description\":\"Romain Gary\",\"publisher\":{\"@id\":\"https:\/\/www.ifjerusalem-romaingary.org\/he\/#organization\"},\"potentialAction\":[{\"@type\":\"SearchAction\",\"target\":{\"@type\":\"EntryPoint\",\"urlTemplate\":\"https:\/\/www.ifjerusalem-romaingary.org\/he\/?s={search_term_string}\"},\"query-input\":{\"@type\":\"PropertyValueSpecification\",\"valueRequired\":true,\"valueName\":\"search_term_string\"}}],\"inLanguage\":\"he-IL\"},{\"@type\":\"Organization\",\"@id\":\"https:\/\/www.ifjerusalem-romaingary.org\/he\/#organization\",\"name\":\"Institut fran\u00e7ais de Jerusalem\",\"url\":\"https:\/\/www.ifjerusalem-romaingary.org\/he\/\",\"logo\":{\"@type\":\"ImageObject\",\"inLanguage\":\"he-IL\",\"@id\":\"https:\/\/www.ifjerusalem-romaingary.org\/he\/#\/schema\/logo\/image\/\",\"url\":\"https:\/\/www.ifjerusalem-romaingary.org\/wp-content\/uploads\/2020\/01\/logo-Cons-Jerusalem-IFJ-2016@2x.png\",\"contentUrl\":\"https:\/\/www.ifjerusalem-romaingary.org\/wp-content\/uploads\/2020\/01\/logo-Cons-Jerusalem-IFJ-2016@2x.png\",\"width\":480,\"height\":163,\"caption\":\"Institut fran\u00e7ais de Jerusalem\"},\"image\":{\"@id\":\"https:\/\/www.ifjerusalem-romaingary.org\/he\/#\/schema\/logo\/image\/\"},\"sameAs\":[\"https:\/\/www.facebook.com\/IFJGary\/\",\"https:\/\/x.com\/ifjromaingary\"]},{\"@type\":\"Person\",\"@id\":\"https:\/\/www.ifjerusalem-romaingary.org\/he\/#\/schema\/person\/5fcfb7145c5a116fdb70cc016962c61c\",\"name\":\"admin1386\",\"image\":{\"@type\":\"ImageObject\",\"inLanguage\":\"he-IL\",\"@id\":\"https:\/\/www.ifjerusalem-romaingary.org\/he\/#\/schema\/person\/image\/\",\"url\":\"https:\/\/secure.gravatar.com\/avatar\/d77e1c333179dcba6ae9bb7b69103738277c9e907cbad663f818876524fadbd9?s=96&d=mm&r=g\",\"contentUrl\":\"https:\/\/secure.gravatar.com\/avatar\/d77e1c333179dcba6ae9bb7b69103738277c9e907cbad663f818876524fadbd9?s=96&d=mm&r=g\",\"caption\":\"admin1386\"}}]}<\/script>\n<!-- \/ Yoast SEO plugin. -->","yoast_head_json":{"title":"JOURN\u00c9ES DE L\u2019ARCH\u00c9OLOGIE : \"SOUS TES PIERRES, J\u00c9RUSALEM\" - Institut Fran\u00e7ais de J\u00e9rusalem","robots":{"index":"index","follow":"follow","max-snippet":"max-snippet:-1","max-image-preview":"max-image-preview:large","max-video-preview":"max-video-preview:-1"},"canonical":"https:\/\/www.ifjerusalem-romaingary.org\/he\/journees-de-larcheologie-sous-tes-pierres-jerusalem\/","og_locale":"he_IL","og_type":"article","og_title":"JOURN\u00c9ES DE L\u2019ARCH\u00c9OLOGIE : \"SOUS TES PIERRES, J\u00c9RUSALEM\" - Institut Fran\u00e7ais de J\u00e9rusalem","og_description":"SOUS TES PIERRES, J\u00c9RUSALEM Quand l\u2019arch\u00e9ologie fait l\u2019histoire A l\u2019occasion des journ\u00e9es de l\u2019arch\u00e9ologie, initi\u00e9es par le minist\u00e8re de la Culture et pilot\u00e9es par l\u2019Institut national de recherches arch\u00e9ologiques pr\u00e9ventives (Inrap), les Journ\u00e9es de l\u2019arch\u00e9ologie invitent le public \u00e0 explorer le pass\u00e9, du plus ancien au plus r\u00e9cent, et de la fouille au mus\u00e9e.\u00a0 \u00c0 &hellip;","og_url":"https:\/\/www.ifjerusalem-romaingary.org\/he\/journees-de-larcheologie-sous-tes-pierres-jerusalem\/","og_site_name":"Institut Fran\u00e7ais de J\u00e9rusalem","article_publisher":"https:\/\/www.facebook.com\/IFJGary\/","article_published_time":"2025-07-08T06:25:48+00:00","article_modified_time":"2025-07-08T06:51:57+00:00","og_image":[{"width":351,"height":240,"url":"https:\/\/www.ifjerusalem-romaingary.org\/wp-content\/uploads\/2025\/06\/Visuel-article-site-Sous-tes-pierres-Jerusalem.jpg","type":"image\/jpeg"}],"author":"admin1386","twitter_card":"summary_large_image","twitter_creator":"@ifjromaingary","twitter_site":"@ifjromaingary","twitter_misc":{"\u05e0\u05db\u05ea\u05d1 \u05e2\u05dc \u05d9\u05d3":"admin1386","\u05d6\u05de\u05df \u05e7\u05e8\u05d9\u05d0\u05d4 \u05de\u05d5\u05e2\u05e8\u05da":"3 \u05d3\u05e7\u05d5\u05ea"},"schema":{"@context":"https:\/\/schema.org","@graph":[{"@type":"Article","@id":"https:\/\/www.ifjerusalem-romaingary.org\/he\/journees-de-larcheologie-sous-tes-pierres-jerusalem\/#article","isPartOf":{"@id":"https:\/\/www.ifjerusalem-romaingary.org\/he\/journees-de-larcheologie-sous-tes-pierres-jerusalem\/"},"author":{"name":"admin1386","@id":"https:\/\/www.ifjerusalem-romaingary.org\/he\/#\/schema\/person\/5fcfb7145c5a116fdb70cc016962c61c"},"headline":"JOURN\u00c9ES DE L\u2019ARCH\u00c9OLOGIE : &quot;SOUS TES PIERRES, J\u00c9RUSALEM&quot;","datePublished":"2025-07-08T06:25:48+00:00","dateModified":"2025-07-08T06:51:57+00:00","mainEntityOfPage":{"@id":"https:\/\/www.ifjerusalem-romaingary.org\/he\/journees-de-larcheologie-sous-tes-pierres-jerusalem\/"},"wordCount":499,"publisher":{"@id":"https:\/\/www.ifjerusalem-romaingary.org\/he\/#organization"},"image":{"@id":"https:\/\/www.ifjerusalem-romaingary.org\/he\/journees-de-larcheologie-sous-tes-pierres-jerusalem\/#primaryimage"},"thumbnailUrl":"https:\/\/www.ifjerusalem-romaingary.org\/wp-content\/uploads\/2025\/06\/Visuel-article-site-Sous-tes-pierres-Jerusalem.jpg","articleSection":["\u00c0 LA UNE","Agenda culturel","Diaporama"],"inLanguage":"he-IL"},{"@type":"WebPage","@id":"https:\/\/www.ifjerusalem-romaingary.org\/he\/journees-de-larcheologie-sous-tes-pierres-jerusalem\/","url":"https:\/\/www.ifjerusalem-romaingary.org\/he\/journees-de-larcheologie-sous-tes-pierres-jerusalem\/","name":"JOURN\u00c9ES DE L\u2019ARCH\u00c9OLOGIE : \"SOUS TES PIERRES, J\u00c9RUSALEM\" - Institut Fran\u00e7ais de J\u00e9rusalem","isPartOf":{"@id":"https:\/\/www.ifjerusalem-romaingary.org\/he\/#website"},"primaryImageOfPage":{"@id":"https:\/\/www.ifjerusalem-romaingary.org\/he\/journees-de-larcheologie-sous-tes-pierres-jerusalem\/#primaryimage"},"image":{"@id":"https:\/\/www.ifjerusalem-romaingary.org\/he\/journees-de-larcheologie-sous-tes-pierres-jerusalem\/#primaryimage"},"thumbnailUrl":"https:\/\/www.ifjerusalem-romaingary.org\/wp-content\/uploads\/2025\/06\/Visuel-article-site-Sous-tes-pierres-Jerusalem.jpg","datePublished":"2025-07-08T06:25:48+00:00","dateModified":"2025-07-08T06:51:57+00:00","breadcrumb":{"@id":"https:\/\/www.ifjerusalem-romaingary.org\/he\/journees-de-larcheologie-sous-tes-pierres-jerusalem\/#breadcrumb"},"inLanguage":"he-IL","potentialAction":[{"@type":"ReadAction","target":["https:\/\/www.ifjerusalem-romaingary.org\/he\/journees-de-larcheologie-sous-tes-pierres-jerusalem\/"]}]},{"@type":"ImageObject","inLanguage":"he-IL","@id":"https:\/\/www.ifjerusalem-romaingary.org\/he\/journees-de-larcheologie-sous-tes-pierres-jerusalem\/#primaryimage","url":"https:\/\/www.ifjerusalem-romaingary.org\/wp-content\/uploads\/2025\/06\/Visuel-article-site-Sous-tes-pierres-Jerusalem.jpg","contentUrl":"https:\/\/www.ifjerusalem-romaingary.org\/wp-content\/uploads\/2025\/06\/Visuel-article-site-Sous-tes-pierres-Jerusalem.jpg","width":351,"height":240},{"@type":"BreadcrumbList","@id":"https:\/\/www.ifjerusalem-romaingary.org\/he\/journees-de-larcheologie-sous-tes-pierres-jerusalem\/#breadcrumb","itemListElement":[{"@type":"ListItem","position":1,"name":"Accueil","item":"https:\/\/www.ifjerusalem-romaingary.org\/he\/accueil\/"},{"@type":"ListItem","position":2,"name":"JOURN\u00c9ES DE L\u2019ARCH\u00c9OLOGIE : \u00ab\u00a0SOUS TES PIERRES, J\u00c9RUSALEM\u00a0\u00bb"}]},{"@type":"WebSite","@id":"https:\/\/www.ifjerusalem-romaingary.org\/he\/#website","url":"https:\/\/www.ifjerusalem-romaingary.org\/he\/","name":"Institut Fran\u00e7ais de J\u00e9rusalem","description":"Romain Gary","publisher":{"@id":"https:\/\/www.ifjerusalem-romaingary.org\/he\/#organization"},"potentialAction":[{"@type":"SearchAction","target":{"@type":"EntryPoint","urlTemplate":"https:\/\/www.ifjerusalem-romaingary.org\/he\/?s={search_term_string}"},"query-input":{"@type":"PropertyValueSpecification","valueRequired":true,"valueName":"search_term_string"}}],"inLanguage":"he-IL"},{"@type":"Organization","@id":"https:\/\/www.ifjerusalem-romaingary.org\/he\/#organization","name":"Institut fran\u00e7ais de Jerusalem","url":"https:\/\/www.ifjerusalem-romaingary.org\/he\/","logo":{"@type":"ImageObject","inLanguage":"he-IL","@id":"https:\/\/www.ifjerusalem-romaingary.org\/he\/#\/schema\/logo\/image\/","url":"https:\/\/www.ifjerusalem-romaingary.org\/wp-content\/uploads\/2020\/01\/logo-Cons-Jerusalem-IFJ-2016@2x.png","contentUrl":"https:\/\/www.ifjerusalem-romaingary.org\/wp-content\/uploads\/2020\/01\/logo-Cons-Jerusalem-IFJ-2016@2x.png","width":480,"height":163,"caption":"Institut fran\u00e7ais de Jerusalem"},"image":{"@id":"https:\/\/www.ifjerusalem-romaingary.org\/he\/#\/schema\/logo\/image\/"},"sameAs":["https:\/\/www.facebook.com\/IFJGary\/","https:\/\/x.com\/ifjromaingary"]},{"@type":"Person","@id":"https:\/\/www.ifjerusalem-romaingary.org\/he\/#\/schema\/person\/5fcfb7145c5a116fdb70cc016962c61c","name":"admin1386","image":{"@type":"ImageObject","inLanguage":"he-IL","@id":"https:\/\/www.ifjerusalem-romaingary.org\/he\/#\/schema\/person\/image\/","url":"https:\/\/secure.gravatar.com\/avatar\/d77e1c333179dcba6ae9bb7b69103738277c9e907cbad663f818876524fadbd9?s=96&d=mm&r=g","contentUrl":"https:\/\/secure.gravatar.com\/avatar\/d77e1c333179dcba6ae9bb7b69103738277c9e907cbad663f818876524fadbd9?s=96&d=mm&r=g","caption":"admin1386"}}]}},"_links":{"self":[{"href":"https:\/\/www.ifjerusalem-romaingary.org\/he\/wp-json\/wp\/v2\/posts\/12032","targetHints":{"allow":["GET"]}}],"collection":[{"href":"https:\/\/www.ifjerusalem-romaingary.org\/he\/wp-json\/wp\/v2\/posts"}],"about":[{"href":"https:\/\/www.ifjerusalem-romaingary.org\/he\/wp-json\/wp\/v2\/types\/post"}],"author":[{"embeddable":true,"href":"https:\/\/www.ifjerusalem-romaingary.org\/he\/wp-json\/wp\/v2\/users\/1"}],"replies":[{"embeddable":true,"href":"https:\/\/www.ifjerusalem-romaingary.org\/he\/wp-json\/wp\/v2\/comments?post=12032"}],"version-history":[{"count":8,"href":"https:\/\/www.ifjerusalem-romaingary.org\/he\/wp-json\/wp\/v2\/posts\/12032\/revisions"}],"predecessor-version":[{"id":12071,"href":"https:\/\/www.ifjerusalem-romaingary.org\/he\/wp-json\/wp\/v2\/posts\/12032\/revisions\/12071"}],"wp:featuredmedia":[{"embeddable":true,"href":"https:\/\/www.ifjerusalem-romaingary.org\/he\/wp-json\/wp\/v2\/media\/12039"}],"wp:attachment":[{"href":"https:\/\/www.ifjerusalem-romaingary.org\/he\/wp-json\/wp\/v2\/media?parent=12032"}],"wp:term":[{"taxonomy":"category","embeddable":true,"href":"https:\/\/www.ifjerusalem-romaingary.org\/he\/wp-json\/wp\/v2\/categories?post=12032"},{"taxonomy":"post_tag","embeddable":true,"href":"https:\/\/www.ifjerusalem-romaingary.org\/he\/wp-json\/wp\/v2\/tags?post=12032"}],"curies":[{"name":"wp","href":"https:\/\/api.w.org\/{rel}","templated":true}]}}