{"id":12074,"date":"2025-07-08T09:59:35","date_gmt":"2025-07-08T06:59:35","guid":{"rendered":"https:\/\/www.ifjerusalem-romaingary.org\/?p=12074"},"modified":"2025-07-16T14:16:09","modified_gmt":"2025-07-16T11:16:09","slug":"festival-international-du-film-a-jerusalem-42","status":"publish","type":"post","link":"https:\/\/www.ifjerusalem-romaingary.org\/he\/festival-international-du-film-a-jerusalem-42\/","title":{"rendered":"FESTIVAL INTERNATIONAL DU FILM \u00c0 J\u00c9RUSALEM #42"},"content":{"rendered":"<p><span style=\"font-weight: 400;\">Le rendez-vous estival des cin\u00e9philes<\/span><\/p>\n<p><span style=\"font-weight: 400;\">L\u2019<\/span><b>institut fran\u00e7ais de J\u00e9rusalem Romain Gary <\/b><span style=\"font-weight: 400;\">est heureux de poursuivre son partenariat avec la <\/span><b>Cin\u00e9math\u00e8que de J\u00e9rusalem<\/b><span style=\"font-weight: 400;\"> pour cette nouvelle \u00e9dition du festival international du film.<\/span><\/p>\n<p><span style=\"font-weight: 400;\">Consciente du contexte difficile, l'\u00e9quipe du festival a pris la d\u00e9cision de maintenir le calendrier initial car il se veut un phare culturel, rappelant le pouvoir de gu\u00e9rison et d'inspiration de l'art, encourageant la communaut\u00e9 locale et contribuant \u00e0 notre sentiment commun de r\u00e9tablissement collectif.<\/span><\/p>\n<p><span style=\"font-weight: 400;\">Sept films fran\u00e7ais dont <\/span><b><i>Dossier 137<\/i><\/b><span style=\"font-weight: 400;\"> de Dominik Moll, <\/span><b><i>Les rendez-vous de l\u2019\u00e9t\u00e9 <\/i><\/b><span style=\"font-weight: 400;\">de Valentine Cadic,<\/span> <b><i>M\u00e9t\u00e9ors <\/i><\/b><span style=\"font-weight: 400;\">de Hubert Charuel, <\/span><b><i>Des preuves d\u2019amour<\/i><\/b> <span style=\"font-weight: 400;\">d\u2019Alice Douard, entre autres et seize films coproduits en France tels que <\/span><b><i>Jeunes m\u00e8res<\/i><\/b><span style=\"font-weight: 400;\"> de Jean-Pierre et Luc Dardenne ou <\/span><b><i>L\u2019inconnu de la <\/i><\/b><b><i>grande arche<\/i><\/b> <span style=\"font-weight: 400;\">de St\u00e9phane Demoustier seront projet\u00e9s durant ces dix jours.<\/span><\/p>\n<p><span style=\"font-weight: 400;\">Le r\u00e9alisateur <\/span><b>Akaki Popkhadze <\/b><span style=\"font-weight: 400;\">pr\u00e9sentera son film<\/span> <b><i>Br\u00fble de sang<\/i><\/b><span style=\"font-weight: 400;\">, les producteurs<\/span><b> Alain Goldman<\/b><span style=\"font-weight: 400;\">, <\/span><b>Bruno Nahon <\/b><span style=\"font-weight: 400;\">seront membres du jury et <\/span><b>Michel Zana <\/b><span style=\"font-weight: 400;\">participera aux journ\u00e9es de l\u2019industrie, organis\u00e9es par la Cin\u00e9math\u00e8que dans le cadre de ce festival. <strong>Antoine Lafon<\/strong>, producteur du film <em>Le royaume<\/em> ainsi qu'<strong>Andranic Manet<\/strong>, interpr\u00e8te principal du film <strong><em>Ari<\/em><\/strong>, de L\u00e9onor Serraille seront \u00e9galement pr\u00e9sents.<\/span><\/p>\n<p><b><i>Valeur sentimentale<\/i><\/b><span style=\"font-weight: 400;\">, le film norv\u00e9go-franco-germano-dano-su\u00e9dois co\u00e9crit et r\u00e9alis\u00e9 par <\/span><b>Joachim Trier<\/b><span style=\"font-weight: 400;\">, laur\u00e9at du Grand Prix au Festival de Cannes sera projet\u00e9 \u00e0 l\u2019ouverture du festival, jeudi 17 juillet.<\/span><\/p>\n<p><span style=\"font-weight: 400;\">Pour plus d\u2019informations sur la programmation :<\/span><a href=\"https:\/\/trailer.web-view.net\/Links\/0X81C81DD5158143A9F4FC106CC57430587172EDBB23DE9CB63EC6C340F89BB48B6B5E10111A0B221930189C11083D1C45FA98441A12EC34742A8F74960EE6B5BEF598CD369566B7DD.htm\"> <b>jff.org.il\/en<\/b><\/a><\/p>\n<p><strong>Du 17 au 26 juillet<\/strong><\/p>\n<p><strong>Cin\u00e9math\u00e8que de J\u00e9rusalem<\/strong><\/p>\n<p><strong>11, route de H\u00e9bron<\/strong><\/p>\n<p><span style=\"font-weight: 400;\">R\u00e9servations aupr\u00e8s de la cin\u00e9math\u00e8que de J\u00e9rusalem au num\u00e9ro suivant :<\/span><\/p>\n<p><span style=\"font-weight: 400;\">02-565 43 33<\/span><\/p>\n<p style=\"margin: 0cm; margin-bottom: .0001pt;\"><span style=\"font-size: 10.0pt; font-family: 'Arial','sans-serif'; color: black; background: #F9F9F9;\">\u00a9 <\/span><span style=\"font-size: 10.0pt; font-family: 'Arial','sans-serif'; color: black;\">Jerusalem Film Festival<\/span><\/p>\n","protected":false},"excerpt":{"rendered":"<p>Le rendez-vous estival des cin\u00e9philes L\u2019institut fran\u00e7ais de J\u00e9rusalem Romain Gary est heureux de poursuivre son partenariat avec la Cin\u00e9math\u00e8que de J\u00e9rusalem pour cette nouvelle \u00e9dition du festival international du film. Consciente du contexte difficile, l'\u00e9quipe du festival a pris la d\u00e9cision de maintenir le calendrier initial car il se veut un phare culturel, rappelant &hellip;<\/p>\n","protected":false},"author":1,"featured_media":12075,"comment_status":"closed","ping_status":"closed","sticky":false,"template":"","format":"standard","meta":{"_exactmetrics_skip_tracking":false,"_exactmetrics_sitenote_active":false,"_exactmetrics_sitenote_note":"","_exactmetrics_sitenote_category":0,"footnotes":""},"categories":[91,96,55],"tags":[],"class_list":["post-12074","post","type-post","status-publish","format-standard","has-post-thumbnail","","category-a-la-une","category-cinema","category-diaporama"],"yoast_head":"<!-- This site is optimized with the Yoast SEO plugin v26.6 - https:\/\/yoast.com\/wordpress\/plugins\/seo\/ -->\n<title>FESTIVAL INTERNATIONAL DU FILM \u00c0 J\u00c9RUSALEM #42 - Institut Fran\u00e7ais de J\u00e9rusalem<\/title>\n<meta name=\"robots\" content=\"index, follow, max-snippet:-1, max-image-preview:large, max-video-preview:-1\" \/>\n<link rel=\"canonical\" href=\"https:\/\/www.ifjerusalem-romaingary.org\/he\/festival-international-du-film-a-jerusalem-42\/\" \/>\n<meta property=\"og:locale\" content=\"he_IL\" \/>\n<meta property=\"og:type\" content=\"article\" \/>\n<meta property=\"og:title\" content=\"FESTIVAL INTERNATIONAL DU FILM \u00c0 J\u00c9RUSALEM #42 - Institut Fran\u00e7ais de J\u00e9rusalem\" \/>\n<meta property=\"og:description\" content=\"Le rendez-vous estival des cin\u00e9philes L\u2019institut fran\u00e7ais de J\u00e9rusalem Romain Gary est heureux de poursuivre son partenariat avec la Cin\u00e9math\u00e8que de J\u00e9rusalem pour cette nouvelle \u00e9dition du festival international du film. Consciente du contexte difficile, l&#039;\u00e9quipe du festival a pris la d\u00e9cision de maintenir le calendrier initial car il se veut un phare culturel, rappelant &hellip;\" \/>\n<meta property=\"og:url\" content=\"https:\/\/www.ifjerusalem-romaingary.org\/he\/festival-international-du-film-a-jerusalem-42\/\" \/>\n<meta property=\"og:site_name\" content=\"Institut Fran\u00e7ais de J\u00e9rusalem\" \/>\n<meta property=\"article:publisher\" content=\"https:\/\/www.facebook.com\/IFJGary\/\" \/>\n<meta property=\"article:published_time\" content=\"2025-07-08T06:59:35+00:00\" \/>\n<meta property=\"article:modified_time\" content=\"2025-07-16T11:16:09+00:00\" \/>\n<meta property=\"og:image\" content=\"https:\/\/www.ifjerusalem-romaingary.org\/wp-content\/uploads\/2025\/07\/Visuel-pour-le-site-Festival-international-du-film.jpg\" \/>\n\t<meta property=\"og:image:width\" content=\"2048\" \/>\n\t<meta property=\"og:image:height\" content=\"960\" \/>\n\t<meta property=\"og:image:type\" content=\"image\/jpeg\" \/>\n<meta name=\"author\" content=\"admin1386\" \/>\n<meta name=\"twitter:card\" content=\"summary_large_image\" \/>\n<meta name=\"twitter:creator\" content=\"@ifjromaingary\" \/>\n<meta name=\"twitter:site\" content=\"@ifjromaingary\" \/>\n<meta name=\"twitter:label1\" content=\"\u05e0\u05db\u05ea\u05d1 \u05e2\u05dc \u05d9\u05d3\" \/>\n\t<meta name=\"twitter:data1\" content=\"admin1386\" \/>\n\t<meta name=\"twitter:label2\" content=\"\u05d6\u05de\u05df \u05e7\u05e8\u05d9\u05d0\u05d4 \u05de\u05d5\u05e2\u05e8\u05da\" \/>\n\t<meta name=\"twitter:data2\" content=\"2 \u05d3\u05e7\u05d5\u05ea\" \/>\n<script type=\"application\/ld+json\" class=\"yoast-schema-graph\">{\"@context\":\"https:\/\/schema.org\",\"@graph\":[{\"@type\":\"Article\",\"@id\":\"https:\/\/www.ifjerusalem-romaingary.org\/he\/festival-international-du-film-a-jerusalem-42\/#article\",\"isPartOf\":{\"@id\":\"https:\/\/www.ifjerusalem-romaingary.org\/he\/festival-international-du-film-a-jerusalem-42\/\"},\"author\":{\"name\":\"admin1386\",\"@id\":\"https:\/\/www.ifjerusalem-romaingary.org\/he\/#\/schema\/person\/5fcfb7145c5a116fdb70cc016962c61c\"},\"headline\":\"FESTIVAL INTERNATIONAL DU FILM \u00c0 J\u00c9RUSALEM #42\",\"datePublished\":\"2025-07-08T06:59:35+00:00\",\"dateModified\":\"2025-07-16T11:16:09+00:00\",\"mainEntityOfPage\":{\"@id\":\"https:\/\/www.ifjerusalem-romaingary.org\/he\/festival-international-du-film-a-jerusalem-42\/\"},\"wordCount\":304,\"publisher\":{\"@id\":\"https:\/\/www.ifjerusalem-romaingary.org\/he\/#organization\"},\"image\":{\"@id\":\"https:\/\/www.ifjerusalem-romaingary.org\/he\/festival-international-du-film-a-jerusalem-42\/#primaryimage\"},\"thumbnailUrl\":\"https:\/\/www.ifjerusalem-romaingary.org\/wp-content\/uploads\/2025\/07\/Visuel-pour-le-site-Festival-international-du-film.jpg\",\"articleSection\":[\"\u00c0 LA UNE\",\"Cin\u00e9ma\",\"Diaporama\"],\"inLanguage\":\"he-IL\"},{\"@type\":\"WebPage\",\"@id\":\"https:\/\/www.ifjerusalem-romaingary.org\/he\/festival-international-du-film-a-jerusalem-42\/\",\"url\":\"https:\/\/www.ifjerusalem-romaingary.org\/he\/festival-international-du-film-a-jerusalem-42\/\",\"name\":\"FESTIVAL INTERNATIONAL DU FILM \u00c0 J\u00c9RUSALEM #42 - Institut Fran\u00e7ais de J\u00e9rusalem\",\"isPartOf\":{\"@id\":\"https:\/\/www.ifjerusalem-romaingary.org\/he\/#website\"},\"primaryImageOfPage\":{\"@id\":\"https:\/\/www.ifjerusalem-romaingary.org\/he\/festival-international-du-film-a-jerusalem-42\/#primaryimage\"},\"image\":{\"@id\":\"https:\/\/www.ifjerusalem-romaingary.org\/he\/festival-international-du-film-a-jerusalem-42\/#primaryimage\"},\"thumbnailUrl\":\"https:\/\/www.ifjerusalem-romaingary.org\/wp-content\/uploads\/2025\/07\/Visuel-pour-le-site-Festival-international-du-film.jpg\",\"datePublished\":\"2025-07-08T06:59:35+00:00\",\"dateModified\":\"2025-07-16T11:16:09+00:00\",\"breadcrumb\":{\"@id\":\"https:\/\/www.ifjerusalem-romaingary.org\/he\/festival-international-du-film-a-jerusalem-42\/#breadcrumb\"},\"inLanguage\":\"he-IL\",\"potentialAction\":[{\"@type\":\"ReadAction\",\"target\":[\"https:\/\/www.ifjerusalem-romaingary.org\/he\/festival-international-du-film-a-jerusalem-42\/\"]}]},{\"@type\":\"ImageObject\",\"inLanguage\":\"he-IL\",\"@id\":\"https:\/\/www.ifjerusalem-romaingary.org\/he\/festival-international-du-film-a-jerusalem-42\/#primaryimage\",\"url\":\"https:\/\/www.ifjerusalem-romaingary.org\/wp-content\/uploads\/2025\/07\/Visuel-pour-le-site-Festival-international-du-film.jpg\",\"contentUrl\":\"https:\/\/www.ifjerusalem-romaingary.org\/wp-content\/uploads\/2025\/07\/Visuel-pour-le-site-Festival-international-du-film.jpg\",\"width\":2048,\"height\":960,\"caption\":\"\u00a9 JFF\"},{\"@type\":\"BreadcrumbList\",\"@id\":\"https:\/\/www.ifjerusalem-romaingary.org\/he\/festival-international-du-film-a-jerusalem-42\/#breadcrumb\",\"itemListElement\":[{\"@type\":\"ListItem\",\"position\":1,\"name\":\"Accueil\",\"item\":\"https:\/\/www.ifjerusalem-romaingary.org\/he\/accueil\/\"},{\"@type\":\"ListItem\",\"position\":2,\"name\":\"FESTIVAL INTERNATIONAL DU FILM \u00c0 J\u00c9RUSALEM #42\"}]},{\"@type\":\"WebSite\",\"@id\":\"https:\/\/www.ifjerusalem-romaingary.org\/he\/#website\",\"url\":\"https:\/\/www.ifjerusalem-romaingary.org\/he\/\",\"name\":\"Institut Fran\u00e7ais de J\u00e9rusalem\",\"description\":\"Romain Gary\",\"publisher\":{\"@id\":\"https:\/\/www.ifjerusalem-romaingary.org\/he\/#organization\"},\"potentialAction\":[{\"@type\":\"SearchAction\",\"target\":{\"@type\":\"EntryPoint\",\"urlTemplate\":\"https:\/\/www.ifjerusalem-romaingary.org\/he\/?s={search_term_string}\"},\"query-input\":{\"@type\":\"PropertyValueSpecification\",\"valueRequired\":true,\"valueName\":\"search_term_string\"}}],\"inLanguage\":\"he-IL\"},{\"@type\":\"Organization\",\"@id\":\"https:\/\/www.ifjerusalem-romaingary.org\/he\/#organization\",\"name\":\"Institut fran\u00e7ais de Jerusalem\",\"url\":\"https:\/\/www.ifjerusalem-romaingary.org\/he\/\",\"logo\":{\"@type\":\"ImageObject\",\"inLanguage\":\"he-IL\",\"@id\":\"https:\/\/www.ifjerusalem-romaingary.org\/he\/#\/schema\/logo\/image\/\",\"url\":\"https:\/\/www.ifjerusalem-romaingary.org\/wp-content\/uploads\/2020\/01\/logo-Cons-Jerusalem-IFJ-2016@2x.png\",\"contentUrl\":\"https:\/\/www.ifjerusalem-romaingary.org\/wp-content\/uploads\/2020\/01\/logo-Cons-Jerusalem-IFJ-2016@2x.png\",\"width\":480,\"height\":163,\"caption\":\"Institut fran\u00e7ais de Jerusalem\"},\"image\":{\"@id\":\"https:\/\/www.ifjerusalem-romaingary.org\/he\/#\/schema\/logo\/image\/\"},\"sameAs\":[\"https:\/\/www.facebook.com\/IFJGary\/\",\"https:\/\/x.com\/ifjromaingary\"]},{\"@type\":\"Person\",\"@id\":\"https:\/\/www.ifjerusalem-romaingary.org\/he\/#\/schema\/person\/5fcfb7145c5a116fdb70cc016962c61c\",\"name\":\"admin1386\",\"image\":{\"@type\":\"ImageObject\",\"inLanguage\":\"he-IL\",\"@id\":\"https:\/\/www.ifjerusalem-romaingary.org\/he\/#\/schema\/person\/image\/\",\"url\":\"https:\/\/secure.gravatar.com\/avatar\/d77e1c333179dcba6ae9bb7b69103738277c9e907cbad663f818876524fadbd9?s=96&d=mm&r=g\",\"contentUrl\":\"https:\/\/secure.gravatar.com\/avatar\/d77e1c333179dcba6ae9bb7b69103738277c9e907cbad663f818876524fadbd9?s=96&d=mm&r=g\",\"caption\":\"admin1386\"}}]}<\/script>\n<!-- \/ Yoast SEO plugin. -->","yoast_head_json":{"title":"FESTIVAL INTERNATIONAL DU FILM \u00c0 J\u00c9RUSALEM #42 - Institut Fran\u00e7ais de J\u00e9rusalem","robots":{"index":"index","follow":"follow","max-snippet":"max-snippet:-1","max-image-preview":"max-image-preview:large","max-video-preview":"max-video-preview:-1"},"canonical":"https:\/\/www.ifjerusalem-romaingary.org\/he\/festival-international-du-film-a-jerusalem-42\/","og_locale":"he_IL","og_type":"article","og_title":"FESTIVAL INTERNATIONAL DU FILM \u00c0 J\u00c9RUSALEM #42 - Institut Fran\u00e7ais de J\u00e9rusalem","og_description":"Le rendez-vous estival des cin\u00e9philes L\u2019institut fran\u00e7ais de J\u00e9rusalem Romain Gary est heureux de poursuivre son partenariat avec la Cin\u00e9math\u00e8que de J\u00e9rusalem pour cette nouvelle \u00e9dition du festival international du film. Consciente du contexte difficile, l'\u00e9quipe du festival a pris la d\u00e9cision de maintenir le calendrier initial car il se veut un phare culturel, rappelant &hellip;","og_url":"https:\/\/www.ifjerusalem-romaingary.org\/he\/festival-international-du-film-a-jerusalem-42\/","og_site_name":"Institut Fran\u00e7ais de J\u00e9rusalem","article_publisher":"https:\/\/www.facebook.com\/IFJGary\/","article_published_time":"2025-07-08T06:59:35+00:00","article_modified_time":"2025-07-16T11:16:09+00:00","og_image":[{"width":2048,"height":960,"url":"https:\/\/www.ifjerusalem-romaingary.org\/wp-content\/uploads\/2025\/07\/Visuel-pour-le-site-Festival-international-du-film.jpg","type":"image\/jpeg"}],"author":"admin1386","twitter_card":"summary_large_image","twitter_creator":"@ifjromaingary","twitter_site":"@ifjromaingary","twitter_misc":{"\u05e0\u05db\u05ea\u05d1 \u05e2\u05dc \u05d9\u05d3":"admin1386","\u05d6\u05de\u05df \u05e7\u05e8\u05d9\u05d0\u05d4 \u05de\u05d5\u05e2\u05e8\u05da":"2 \u05d3\u05e7\u05d5\u05ea"},"schema":{"@context":"https:\/\/schema.org","@graph":[{"@type":"Article","@id":"https:\/\/www.ifjerusalem-romaingary.org\/he\/festival-international-du-film-a-jerusalem-42\/#article","isPartOf":{"@id":"https:\/\/www.ifjerusalem-romaingary.org\/he\/festival-international-du-film-a-jerusalem-42\/"},"author":{"name":"admin1386","@id":"https:\/\/www.ifjerusalem-romaingary.org\/he\/#\/schema\/person\/5fcfb7145c5a116fdb70cc016962c61c"},"headline":"FESTIVAL INTERNATIONAL DU FILM \u00c0 J\u00c9RUSALEM #42","datePublished":"2025-07-08T06:59:35+00:00","dateModified":"2025-07-16T11:16:09+00:00","mainEntityOfPage":{"@id":"https:\/\/www.ifjerusalem-romaingary.org\/he\/festival-international-du-film-a-jerusalem-42\/"},"wordCount":304,"publisher":{"@id":"https:\/\/www.ifjerusalem-romaingary.org\/he\/#organization"},"image":{"@id":"https:\/\/www.ifjerusalem-romaingary.org\/he\/festival-international-du-film-a-jerusalem-42\/#primaryimage"},"thumbnailUrl":"https:\/\/www.ifjerusalem-romaingary.org\/wp-content\/uploads\/2025\/07\/Visuel-pour-le-site-Festival-international-du-film.jpg","articleSection":["\u00c0 LA UNE","Cin\u00e9ma","Diaporama"],"inLanguage":"he-IL"},{"@type":"WebPage","@id":"https:\/\/www.ifjerusalem-romaingary.org\/he\/festival-international-du-film-a-jerusalem-42\/","url":"https:\/\/www.ifjerusalem-romaingary.org\/he\/festival-international-du-film-a-jerusalem-42\/","name":"FESTIVAL INTERNATIONAL DU FILM \u00c0 J\u00c9RUSALEM #42 - Institut Fran\u00e7ais de J\u00e9rusalem","isPartOf":{"@id":"https:\/\/www.ifjerusalem-romaingary.org\/he\/#website"},"primaryImageOfPage":{"@id":"https:\/\/www.ifjerusalem-romaingary.org\/he\/festival-international-du-film-a-jerusalem-42\/#primaryimage"},"image":{"@id":"https:\/\/www.ifjerusalem-romaingary.org\/he\/festival-international-du-film-a-jerusalem-42\/#primaryimage"},"thumbnailUrl":"https:\/\/www.ifjerusalem-romaingary.org\/wp-content\/uploads\/2025\/07\/Visuel-pour-le-site-Festival-international-du-film.jpg","datePublished":"2025-07-08T06:59:35+00:00","dateModified":"2025-07-16T11:16:09+00:00","breadcrumb":{"@id":"https:\/\/www.ifjerusalem-romaingary.org\/he\/festival-international-du-film-a-jerusalem-42\/#breadcrumb"},"inLanguage":"he-IL","potentialAction":[{"@type":"ReadAction","target":["https:\/\/www.ifjerusalem-romaingary.org\/he\/festival-international-du-film-a-jerusalem-42\/"]}]},{"@type":"ImageObject","inLanguage":"he-IL","@id":"https:\/\/www.ifjerusalem-romaingary.org\/he\/festival-international-du-film-a-jerusalem-42\/#primaryimage","url":"https:\/\/www.ifjerusalem-romaingary.org\/wp-content\/uploads\/2025\/07\/Visuel-pour-le-site-Festival-international-du-film.jpg","contentUrl":"https:\/\/www.ifjerusalem-romaingary.org\/wp-content\/uploads\/2025\/07\/Visuel-pour-le-site-Festival-international-du-film.jpg","width":2048,"height":960,"caption":"\u00a9 JFF"},{"@type":"BreadcrumbList","@id":"https:\/\/www.ifjerusalem-romaingary.org\/he\/festival-international-du-film-a-jerusalem-42\/#breadcrumb","itemListElement":[{"@type":"ListItem","position":1,"name":"Accueil","item":"https:\/\/www.ifjerusalem-romaingary.org\/he\/accueil\/"},{"@type":"ListItem","position":2,"name":"FESTIVAL INTERNATIONAL DU FILM \u00c0 J\u00c9RUSALEM #42"}]},{"@type":"WebSite","@id":"https:\/\/www.ifjerusalem-romaingary.org\/he\/#website","url":"https:\/\/www.ifjerusalem-romaingary.org\/he\/","name":"Institut Fran\u00e7ais de J\u00e9rusalem","description":"Romain Gary","publisher":{"@id":"https:\/\/www.ifjerusalem-romaingary.org\/he\/#organization"},"potentialAction":[{"@type":"SearchAction","target":{"@type":"EntryPoint","urlTemplate":"https:\/\/www.ifjerusalem-romaingary.org\/he\/?s={search_term_string}"},"query-input":{"@type":"PropertyValueSpecification","valueRequired":true,"valueName":"search_term_string"}}],"inLanguage":"he-IL"},{"@type":"Organization","@id":"https:\/\/www.ifjerusalem-romaingary.org\/he\/#organization","name":"Institut fran\u00e7ais de Jerusalem","url":"https:\/\/www.ifjerusalem-romaingary.org\/he\/","logo":{"@type":"ImageObject","inLanguage":"he-IL","@id":"https:\/\/www.ifjerusalem-romaingary.org\/he\/#\/schema\/logo\/image\/","url":"https:\/\/www.ifjerusalem-romaingary.org\/wp-content\/uploads\/2020\/01\/logo-Cons-Jerusalem-IFJ-2016@2x.png","contentUrl":"https:\/\/www.ifjerusalem-romaingary.org\/wp-content\/uploads\/2020\/01\/logo-Cons-Jerusalem-IFJ-2016@2x.png","width":480,"height":163,"caption":"Institut fran\u00e7ais de Jerusalem"},"image":{"@id":"https:\/\/www.ifjerusalem-romaingary.org\/he\/#\/schema\/logo\/image\/"},"sameAs":["https:\/\/www.facebook.com\/IFJGary\/","https:\/\/x.com\/ifjromaingary"]},{"@type":"Person","@id":"https:\/\/www.ifjerusalem-romaingary.org\/he\/#\/schema\/person\/5fcfb7145c5a116fdb70cc016962c61c","name":"admin1386","image":{"@type":"ImageObject","inLanguage":"he-IL","@id":"https:\/\/www.ifjerusalem-romaingary.org\/he\/#\/schema\/person\/image\/","url":"https:\/\/secure.gravatar.com\/avatar\/d77e1c333179dcba6ae9bb7b69103738277c9e907cbad663f818876524fadbd9?s=96&d=mm&r=g","contentUrl":"https:\/\/secure.gravatar.com\/avatar\/d77e1c333179dcba6ae9bb7b69103738277c9e907cbad663f818876524fadbd9?s=96&d=mm&r=g","caption":"admin1386"}}]}},"_links":{"self":[{"href":"https:\/\/www.ifjerusalem-romaingary.org\/he\/wp-json\/wp\/v2\/posts\/12074","targetHints":{"allow":["GET"]}}],"collection":[{"href":"https:\/\/www.ifjerusalem-romaingary.org\/he\/wp-json\/wp\/v2\/posts"}],"about":[{"href":"https:\/\/www.ifjerusalem-romaingary.org\/he\/wp-json\/wp\/v2\/types\/post"}],"author":[{"embeddable":true,"href":"https:\/\/www.ifjerusalem-romaingary.org\/he\/wp-json\/wp\/v2\/users\/1"}],"replies":[{"embeddable":true,"href":"https:\/\/www.ifjerusalem-romaingary.org\/he\/wp-json\/wp\/v2\/comments?post=12074"}],"version-history":[{"count":11,"href":"https:\/\/www.ifjerusalem-romaingary.org\/he\/wp-json\/wp\/v2\/posts\/12074\/revisions"}],"predecessor-version":[{"id":12099,"href":"https:\/\/www.ifjerusalem-romaingary.org\/he\/wp-json\/wp\/v2\/posts\/12074\/revisions\/12099"}],"wp:featuredmedia":[{"embeddable":true,"href":"https:\/\/www.ifjerusalem-romaingary.org\/he\/wp-json\/wp\/v2\/media\/12075"}],"wp:attachment":[{"href":"https:\/\/www.ifjerusalem-romaingary.org\/he\/wp-json\/wp\/v2\/media?parent=12074"}],"wp:term":[{"taxonomy":"category","embeddable":true,"href":"https:\/\/www.ifjerusalem-romaingary.org\/he\/wp-json\/wp\/v2\/categories?post=12074"},{"taxonomy":"post_tag","embeddable":true,"href":"https:\/\/www.ifjerusalem-romaingary.org\/he\/wp-json\/wp\/v2\/tags?post=12074"}],"curies":[{"name":"wp","href":"https:\/\/api.w.org\/{rel}","templated":true}]}}