{"id":12471,"date":"2026-01-19T12:23:53","date_gmt":"2026-01-19T10:23:53","guid":{"rendered":"https:\/\/www.ifjerusalem-romaingary.org\/?p=12471"},"modified":"2026-02-03T16:20:48","modified_gmt":"2026-02-03T14:20:48","slug":"rencontre-litteraire-avec-ralph-toledano","status":"publish","type":"post","link":"https:\/\/www.ifjerusalem-romaingary.org\/he\/rencontre-litteraire-avec-ralph-toledano\/","title":{"rendered":"RENCONTRE LITT\u00c9RAIRE AVEC RALPH TOLEDANO &#8211; 18 f\u00e9vrier \u00e0 19h"},"content":{"rendered":"<p><b><i>LA LUNE DANS LE TOURBILLON<\/i><\/b><\/p>\n<p>&nbsp;<\/p>\n<p><b>MERCREDI 18 F\u00c9VRIER <\/b><b>\u00c0 19H<\/b><\/p>\n<p>&nbsp;<\/p>\n<p><span style=\"font-weight: 400;\">L\u2019institut fran\u00e7ais de J\u00e9rusalem Romain Gary a le grand plaisir d\u2019accueillir l\u2019auteur, Ralph Toledano pour la pr\u00e9sentation de son roman <\/span><b><i>La lune dans le tourbillon<\/i><\/b><span style=\"font-weight: 400;\"> paru chez Librinova, en d\u00e9cembre 2025.<\/span><\/p>\n<figure id=\"attachment_12472\" aria-describedby=\"caption-attachment-12472\" style=\"width: 150px\" class=\"wp-caption alignleft\"><img decoding=\"async\" class=\"size-thumbnail wp-image-12472\" src=\"https:\/\/www.ifjerusalem-romaingary.org\/wp-content\/uploads\/2026\/01\/Photo-Ralph-Toledano-\u00a9-Diane-Henin-Safra-150x150.jpg\" alt=\"\" width=\"150\" height=\"150\" \/><figcaption id=\"caption-attachment-12472\" class=\"wp-caption-text\">\u00a9 Diane Henin-Safra<\/figcaption><\/figure>\n<p>&nbsp;<\/p>\n<p>&nbsp;<\/p>\n<p>&nbsp;<\/p>\n<p>&nbsp;<\/p>\n<p>&nbsp;<\/p>\n<p><span style=\"font-weight: 400;\">Historien d'art et expert en peinture italienne, <\/span><b>Ralph Toledano<\/b><span style=\"font-weight: 400;\"> a publi\u00e9 trois romans : <\/span><i><span style=\"font-weight: 400;\">Un prince \u00e0 Casablanca<\/span><\/i><span style=\"font-weight: 400;\"> (La Grande Ourse, 2013) Prix Wizo, <\/span><i><span style=\"font-weight: 400;\">Revoir Tanger<\/span><\/i><span style=\"font-weight: 400;\"> (La Grande Ourse, 2015) Prix Alberto Benveniste, <\/span><i><span style=\"font-weight: 400;\">Le retour du ph\u00e9nix<\/span><\/i><span style=\"font-weight: 400;\"> (Albin Michel, 2018). <\/span><span style=\"font-weight: 400;\">Il \u00e9crit dans un style <\/span><span style=\"font-weight: 400;\">raffin\u00e9<\/span><span style=\"font-weight: 400;\">, cr\u00e9ant des fresques romanesques qui \u00e9voquent l'histoire et la culture des Juifs du Maroc. Ainsi, il cr\u00e9e une ambiance qui transporte le lecteur dans des \u00e9poques et des atmosph\u00e8res marquantes.\u00a0<\/span><\/p>\n<p><b><i>La lune dans le tourbillon<\/i><\/b><i><span style=\"font-weight: 400;\"> est son quatri\u00e8me roman. Il fait appara\u00eetre de nouveaux personnages, hant\u00e9s par leurs aspirations fracass\u00e9es, leurs remords, leur d\u00e9sir de clart\u00e9. Luna l\u2019h\u00e9ro\u00efne, tente avec une sagesse instill\u00e9e par sa banqueroute, de racheter la d\u00e9b\u00e2cle de son existence commenc\u00e9e dans le privil\u00e8ge, la beaut\u00e9 et la vanit\u00e9. Un projet la mobilise : sauver de son errance d\u00e9pressive son fils endommag\u00e9 depuis l\u2019enfance, quand elle entreprit une liaison avec un aventurier italien de haut vol et abandonna le domicile conjugal \u00e0 Tanger pour le suivre en Europe, d\u00e9fiant avec arrogance les r\u00e8gles d\u2019un milieu soucieux d\u2019honorabilit\u00e9. Analysant le pass\u00e9 de sa famille de banquiers et diplomates, leur acculturation fascin\u00e9e par les mod\u00e8les de prestige europ\u00e9ens, leur abandon progressif de la foi ancestrale, elle d\u00e9crypte son histoire pour comprendre l\u2019orgueil destructeur de sa m\u00e8re. Cette dissection lib\u00e9ratrice lui donnera la force de revoir son fils, dans l\u2019espoir de l\u2019affranchir de ses spectres, lui expliquant que les fautes humaines ont des racines mill\u00e9naires. Retir\u00e9e \u00e0 Tanger dans une semi-pauvret\u00e9, Luna reverra les demeures familiales o\u00f9 gloire apparente et d\u00e9cadence se tress\u00e8rent, et dissociera la po\u00e9sie du D\u00e9troit de la confusion qui brouilla son destin.<\/span><\/i><\/p>\n<p><span style=\"font-weight: 400;\">La rencontre sera anim\u00e9e par <\/span><b>Roselyne D\u00e9ry<\/b><\/p>\n<p><img decoding=\"async\" class=\"size-thumbnail wp-image-12474\" src=\"https:\/\/www.ifjerusalem-romaingary.org\/wp-content\/uploads\/2026\/01\/Photo-Rosleyne-Dery-pas-de-credit-150x150.png\" alt=\"\" width=\"150\" height=\"150\" \/><\/p>\n<p>&nbsp;<\/p>\n<p><span style=\"font-weight: 400;\">Dipl\u00f4m\u00e9e en lettres fran\u00e7aises contemporaines, <\/span><b>Roselyne D\u00e9ry <\/b><span style=\"font-weight: 400;\">a \u00e9t\u00e9 attach\u00e9e pour le livre \u00e0 l\u2019Institut fran\u00e7ais d\u2019Isra\u00ebl de 1994 \u00e0 2022. Engag\u00e9e dans la promotion de la litt\u00e9rature fran\u00e7aise en Isra\u00ebl, elle a notamment cr\u00e9\u00e9 le Festival Livres en sc\u00e8ne et le Festival Livres en sc\u00e8ne Junior. Elle est aujourd\u2019hui \u00e9ditrice.<\/span><\/p>\n<p><span style=\"font-weight: 400;\">\u00c0 l\u2019issue de la rencontre, sera propos\u00e9e une vente d\u00e9dicace de l\u2018ouvrage avec l\u2019auteur.<\/span><\/p>\n<p><span style=\"font-weight: 400;\">R\u00e9servation n\u00e9cessaire : <\/span><a href=\"mailto:ifjromaingary@gmail.com\"><span style=\"font-weight: 400;\">ifjromaingary@gmail.com<\/span><\/a> <span style=\"font-weight: 400;\">ou par t\u00e9l\u00e9phone : 02-624 31 56<\/span><\/p>\n<p><span style=\"font-weight: 400;\">Entr\u00e9e : 30\u00a0 \u20aa\u00a0 <\/span><\/p>\n","protected":false},"excerpt":{"rendered":"<p>LA LUNE DANS LE TOURBILLON &nbsp; MERCREDI 18 F\u00c9VRIER \u00c0 19H &nbsp; L\u2019institut fran\u00e7ais de J\u00e9rusalem Romain Gary a le grand plaisir d\u2019accueillir l\u2019auteur, Ralph Toledano pour la pr\u00e9sentation de son roman La lune dans le tourbillon paru chez Librinova, en d\u00e9cembre 2025. &nbsp; &nbsp; &nbsp; &nbsp; &nbsp; Historien d'art et expert en peinture italienne, &hellip;<\/p>\n","protected":false},"author":1,"featured_media":12476,"comment_status":"closed","ping_status":"closed","sticky":false,"template":"","format":"standard","meta":{"_exactmetrics_skip_tracking":false,"_exactmetrics_sitenote_active":false,"_exactmetrics_sitenote_note":"","_exactmetrics_sitenote_category":0,"footnotes":""},"categories":[91,55],"tags":[],"class_list":["post-12471","post","type-post","status-publish","format-standard","has-post-thumbnail","","category-a-la-une","category-diaporama"],"yoast_head":"<!-- This site is optimized with the Yoast SEO plugin v26.6 - https:\/\/yoast.com\/wordpress\/plugins\/seo\/ -->\n<title>RENCONTRE LITT\u00c9RAIRE AVEC RALPH TOLEDANO - 18 f\u00e9vrier \u00e0 19h - Institut Fran\u00e7ais de J\u00e9rusalem<\/title>\n<meta name=\"robots\" content=\"index, follow, max-snippet:-1, max-image-preview:large, max-video-preview:-1\" \/>\n<link rel=\"canonical\" href=\"https:\/\/www.ifjerusalem-romaingary.org\/he\/rencontre-litteraire-avec-ralph-toledano\/\" \/>\n<meta property=\"og:locale\" content=\"he_IL\" \/>\n<meta property=\"og:type\" content=\"article\" \/>\n<meta property=\"og:title\" content=\"RENCONTRE LITT\u00c9RAIRE AVEC RALPH TOLEDANO - 18 f\u00e9vrier \u00e0 19h - Institut Fran\u00e7ais de J\u00e9rusalem\" \/>\n<meta property=\"og:description\" content=\"LA LUNE DANS LE TOURBILLON &nbsp; MERCREDI 18 F\u00c9VRIER \u00c0 19H &nbsp; L\u2019institut fran\u00e7ais de J\u00e9rusalem Romain Gary a le grand plaisir d\u2019accueillir l\u2019auteur, Ralph Toledano pour la pr\u00e9sentation de son roman La lune dans le tourbillon paru chez Librinova, en d\u00e9cembre 2025. &nbsp; &nbsp; &nbsp; &nbsp; &nbsp; Historien d&#039;art et expert en peinture italienne, &hellip;\" \/>\n<meta property=\"og:url\" content=\"https:\/\/www.ifjerusalem-romaingary.org\/he\/rencontre-litteraire-avec-ralph-toledano\/\" \/>\n<meta property=\"og:site_name\" content=\"Institut Fran\u00e7ais de J\u00e9rusalem\" \/>\n<meta property=\"article:publisher\" content=\"https:\/\/www.facebook.com\/IFJGary\/\" \/>\n<meta property=\"article:published_time\" content=\"2026-01-19T10:23:53+00:00\" \/>\n<meta property=\"article:modified_time\" content=\"2026-02-03T14:20:48+00:00\" \/>\n<meta property=\"og:image\" content=\"https:\/\/www.ifjerusalem-romaingary.org\/wp-content\/uploads\/2026\/01\/Visuel-article-SITE_Ralph-Toledano.png\" \/>\n\t<meta property=\"og:image:width\" content=\"1920\" \/>\n\t<meta property=\"og:image:height\" content=\"1080\" \/>\n\t<meta property=\"og:image:type\" content=\"image\/png\" \/>\n<meta name=\"author\" content=\"admin1386\" \/>\n<meta name=\"twitter:card\" content=\"summary_large_image\" \/>\n<meta name=\"twitter:creator\" content=\"@ifjromaingary\" \/>\n<meta name=\"twitter:site\" content=\"@ifjromaingary\" \/>\n<meta name=\"twitter:label1\" content=\"\u05e0\u05db\u05ea\u05d1 \u05e2\u05dc \u05d9\u05d3\" \/>\n\t<meta name=\"twitter:data1\" content=\"admin1386\" \/>\n\t<meta name=\"twitter:label2\" content=\"\u05d6\u05de\u05df \u05e7\u05e8\u05d9\u05d0\u05d4 \u05de\u05d5\u05e2\u05e8\u05da\" \/>\n\t<meta name=\"twitter:data2\" content=\"3 \u05d3\u05e7\u05d5\u05ea\" \/>\n<script type=\"application\/ld+json\" class=\"yoast-schema-graph\">{\"@context\":\"https:\/\/schema.org\",\"@graph\":[{\"@type\":\"Article\",\"@id\":\"https:\/\/www.ifjerusalem-romaingary.org\/he\/rencontre-litteraire-avec-ralph-toledano\/#article\",\"isPartOf\":{\"@id\":\"https:\/\/www.ifjerusalem-romaingary.org\/he\/rencontre-litteraire-avec-ralph-toledano\/\"},\"author\":{\"name\":\"admin1386\",\"@id\":\"https:\/\/www.ifjerusalem-romaingary.org\/he\/#\/schema\/person\/5fcfb7145c5a116fdb70cc016962c61c\"},\"headline\":\"RENCONTRE LITT\u00c9RAIRE AVEC RALPH TOLEDANO &#8211; 18 f\u00e9vrier \u00e0 19h\",\"datePublished\":\"2026-01-19T10:23:53+00:00\",\"dateModified\":\"2026-02-03T14:20:48+00:00\",\"mainEntityOfPage\":{\"@id\":\"https:\/\/www.ifjerusalem-romaingary.org\/he\/rencontre-litteraire-avec-ralph-toledano\/\"},\"wordCount\":480,\"publisher\":{\"@id\":\"https:\/\/www.ifjerusalem-romaingary.org\/he\/#organization\"},\"image\":{\"@id\":\"https:\/\/www.ifjerusalem-romaingary.org\/he\/rencontre-litteraire-avec-ralph-toledano\/#primaryimage\"},\"thumbnailUrl\":\"https:\/\/www.ifjerusalem-romaingary.org\/wp-content\/uploads\/2026\/01\/Visuel-article-SITE_Ralph-Toledano.png\",\"articleSection\":[\"\u00c0 LA UNE\",\"Diaporama\"],\"inLanguage\":\"he-IL\"},{\"@type\":\"WebPage\",\"@id\":\"https:\/\/www.ifjerusalem-romaingary.org\/he\/rencontre-litteraire-avec-ralph-toledano\/\",\"url\":\"https:\/\/www.ifjerusalem-romaingary.org\/he\/rencontre-litteraire-avec-ralph-toledano\/\",\"name\":\"RENCONTRE LITT\u00c9RAIRE AVEC RALPH TOLEDANO - 18 f\u00e9vrier \u00e0 19h - Institut Fran\u00e7ais de J\u00e9rusalem\",\"isPartOf\":{\"@id\":\"https:\/\/www.ifjerusalem-romaingary.org\/he\/#website\"},\"primaryImageOfPage\":{\"@id\":\"https:\/\/www.ifjerusalem-romaingary.org\/he\/rencontre-litteraire-avec-ralph-toledano\/#primaryimage\"},\"image\":{\"@id\":\"https:\/\/www.ifjerusalem-romaingary.org\/he\/rencontre-litteraire-avec-ralph-toledano\/#primaryimage\"},\"thumbnailUrl\":\"https:\/\/www.ifjerusalem-romaingary.org\/wp-content\/uploads\/2026\/01\/Visuel-article-SITE_Ralph-Toledano.png\",\"datePublished\":\"2026-01-19T10:23:53+00:00\",\"dateModified\":\"2026-02-03T14:20:48+00:00\",\"breadcrumb\":{\"@id\":\"https:\/\/www.ifjerusalem-romaingary.org\/he\/rencontre-litteraire-avec-ralph-toledano\/#breadcrumb\"},\"inLanguage\":\"he-IL\",\"potentialAction\":[{\"@type\":\"ReadAction\",\"target\":[\"https:\/\/www.ifjerusalem-romaingary.org\/he\/rencontre-litteraire-avec-ralph-toledano\/\"]}]},{\"@type\":\"ImageObject\",\"inLanguage\":\"he-IL\",\"@id\":\"https:\/\/www.ifjerusalem-romaingary.org\/he\/rencontre-litteraire-avec-ralph-toledano\/#primaryimage\",\"url\":\"https:\/\/www.ifjerusalem-romaingary.org\/wp-content\/uploads\/2026\/01\/Visuel-article-SITE_Ralph-Toledano.png\",\"contentUrl\":\"https:\/\/www.ifjerusalem-romaingary.org\/wp-content\/uploads\/2026\/01\/Visuel-article-SITE_Ralph-Toledano.png\",\"width\":1920,\"height\":1080},{\"@type\":\"BreadcrumbList\",\"@id\":\"https:\/\/www.ifjerusalem-romaingary.org\/he\/rencontre-litteraire-avec-ralph-toledano\/#breadcrumb\",\"itemListElement\":[{\"@type\":\"ListItem\",\"position\":1,\"name\":\"Accueil\",\"item\":\"https:\/\/www.ifjerusalem-romaingary.org\/he\/accueil\/\"},{\"@type\":\"ListItem\",\"position\":2,\"name\":\"RENCONTRE LITT\u00c9RAIRE AVEC RALPH TOLEDANO &#8211; 18 f\u00e9vrier \u00e0 19h\"}]},{\"@type\":\"WebSite\",\"@id\":\"https:\/\/www.ifjerusalem-romaingary.org\/he\/#website\",\"url\":\"https:\/\/www.ifjerusalem-romaingary.org\/he\/\",\"name\":\"Institut Fran\u00e7ais de J\u00e9rusalem\",\"description\":\"Romain Gary\",\"publisher\":{\"@id\":\"https:\/\/www.ifjerusalem-romaingary.org\/he\/#organization\"},\"potentialAction\":[{\"@type\":\"SearchAction\",\"target\":{\"@type\":\"EntryPoint\",\"urlTemplate\":\"https:\/\/www.ifjerusalem-romaingary.org\/he\/?s={search_term_string}\"},\"query-input\":{\"@type\":\"PropertyValueSpecification\",\"valueRequired\":true,\"valueName\":\"search_term_string\"}}],\"inLanguage\":\"he-IL\"},{\"@type\":\"Organization\",\"@id\":\"https:\/\/www.ifjerusalem-romaingary.org\/he\/#organization\",\"name\":\"Institut fran\u00e7ais de Jerusalem\",\"url\":\"https:\/\/www.ifjerusalem-romaingary.org\/he\/\",\"logo\":{\"@type\":\"ImageObject\",\"inLanguage\":\"he-IL\",\"@id\":\"https:\/\/www.ifjerusalem-romaingary.org\/he\/#\/schema\/logo\/image\/\",\"url\":\"https:\/\/www.ifjerusalem-romaingary.org\/wp-content\/uploads\/2020\/01\/logo-Cons-Jerusalem-IFJ-2016@2x.png\",\"contentUrl\":\"https:\/\/www.ifjerusalem-romaingary.org\/wp-content\/uploads\/2020\/01\/logo-Cons-Jerusalem-IFJ-2016@2x.png\",\"width\":480,\"height\":163,\"caption\":\"Institut fran\u00e7ais de Jerusalem\"},\"image\":{\"@id\":\"https:\/\/www.ifjerusalem-romaingary.org\/he\/#\/schema\/logo\/image\/\"},\"sameAs\":[\"https:\/\/www.facebook.com\/IFJGary\/\",\"https:\/\/x.com\/ifjromaingary\"]},{\"@type\":\"Person\",\"@id\":\"https:\/\/www.ifjerusalem-romaingary.org\/he\/#\/schema\/person\/5fcfb7145c5a116fdb70cc016962c61c\",\"name\":\"admin1386\",\"image\":{\"@type\":\"ImageObject\",\"inLanguage\":\"he-IL\",\"@id\":\"https:\/\/www.ifjerusalem-romaingary.org\/he\/#\/schema\/person\/image\/\",\"url\":\"https:\/\/secure.gravatar.com\/avatar\/d77e1c333179dcba6ae9bb7b69103738277c9e907cbad663f818876524fadbd9?s=96&d=mm&r=g\",\"contentUrl\":\"https:\/\/secure.gravatar.com\/avatar\/d77e1c333179dcba6ae9bb7b69103738277c9e907cbad663f818876524fadbd9?s=96&d=mm&r=g\",\"caption\":\"admin1386\"}}]}<\/script>\n<!-- \/ Yoast SEO plugin. -->","yoast_head_json":{"title":"RENCONTRE LITT\u00c9RAIRE AVEC RALPH TOLEDANO - 18 f\u00e9vrier \u00e0 19h - Institut Fran\u00e7ais de J\u00e9rusalem","robots":{"index":"index","follow":"follow","max-snippet":"max-snippet:-1","max-image-preview":"max-image-preview:large","max-video-preview":"max-video-preview:-1"},"canonical":"https:\/\/www.ifjerusalem-romaingary.org\/he\/rencontre-litteraire-avec-ralph-toledano\/","og_locale":"he_IL","og_type":"article","og_title":"RENCONTRE LITT\u00c9RAIRE AVEC RALPH TOLEDANO - 18 f\u00e9vrier \u00e0 19h - Institut Fran\u00e7ais de J\u00e9rusalem","og_description":"LA LUNE DANS LE TOURBILLON &nbsp; MERCREDI 18 F\u00c9VRIER \u00c0 19H &nbsp; L\u2019institut fran\u00e7ais de J\u00e9rusalem Romain Gary a le grand plaisir d\u2019accueillir l\u2019auteur, Ralph Toledano pour la pr\u00e9sentation de son roman La lune dans le tourbillon paru chez Librinova, en d\u00e9cembre 2025. &nbsp; &nbsp; &nbsp; &nbsp; &nbsp; Historien d'art et expert en peinture italienne, &hellip;","og_url":"https:\/\/www.ifjerusalem-romaingary.org\/he\/rencontre-litteraire-avec-ralph-toledano\/","og_site_name":"Institut Fran\u00e7ais de J\u00e9rusalem","article_publisher":"https:\/\/www.facebook.com\/IFJGary\/","article_published_time":"2026-01-19T10:23:53+00:00","article_modified_time":"2026-02-03T14:20:48+00:00","og_image":[{"width":1920,"height":1080,"url":"https:\/\/www.ifjerusalem-romaingary.org\/wp-content\/uploads\/2026\/01\/Visuel-article-SITE_Ralph-Toledano.png","type":"image\/png"}],"author":"admin1386","twitter_card":"summary_large_image","twitter_creator":"@ifjromaingary","twitter_site":"@ifjromaingary","twitter_misc":{"\u05e0\u05db\u05ea\u05d1 \u05e2\u05dc \u05d9\u05d3":"admin1386","\u05d6\u05de\u05df \u05e7\u05e8\u05d9\u05d0\u05d4 \u05de\u05d5\u05e2\u05e8\u05da":"3 \u05d3\u05e7\u05d5\u05ea"},"schema":{"@context":"https:\/\/schema.org","@graph":[{"@type":"Article","@id":"https:\/\/www.ifjerusalem-romaingary.org\/he\/rencontre-litteraire-avec-ralph-toledano\/#article","isPartOf":{"@id":"https:\/\/www.ifjerusalem-romaingary.org\/he\/rencontre-litteraire-avec-ralph-toledano\/"},"author":{"name":"admin1386","@id":"https:\/\/www.ifjerusalem-romaingary.org\/he\/#\/schema\/person\/5fcfb7145c5a116fdb70cc016962c61c"},"headline":"RENCONTRE LITT\u00c9RAIRE AVEC RALPH TOLEDANO &#8211; 18 f\u00e9vrier \u00e0 19h","datePublished":"2026-01-19T10:23:53+00:00","dateModified":"2026-02-03T14:20:48+00:00","mainEntityOfPage":{"@id":"https:\/\/www.ifjerusalem-romaingary.org\/he\/rencontre-litteraire-avec-ralph-toledano\/"},"wordCount":480,"publisher":{"@id":"https:\/\/www.ifjerusalem-romaingary.org\/he\/#organization"},"image":{"@id":"https:\/\/www.ifjerusalem-romaingary.org\/he\/rencontre-litteraire-avec-ralph-toledano\/#primaryimage"},"thumbnailUrl":"https:\/\/www.ifjerusalem-romaingary.org\/wp-content\/uploads\/2026\/01\/Visuel-article-SITE_Ralph-Toledano.png","articleSection":["\u00c0 LA UNE","Diaporama"],"inLanguage":"he-IL"},{"@type":"WebPage","@id":"https:\/\/www.ifjerusalem-romaingary.org\/he\/rencontre-litteraire-avec-ralph-toledano\/","url":"https:\/\/www.ifjerusalem-romaingary.org\/he\/rencontre-litteraire-avec-ralph-toledano\/","name":"RENCONTRE LITT\u00c9RAIRE AVEC RALPH TOLEDANO - 18 f\u00e9vrier \u00e0 19h - Institut Fran\u00e7ais de J\u00e9rusalem","isPartOf":{"@id":"https:\/\/www.ifjerusalem-romaingary.org\/he\/#website"},"primaryImageOfPage":{"@id":"https:\/\/www.ifjerusalem-romaingary.org\/he\/rencontre-litteraire-avec-ralph-toledano\/#primaryimage"},"image":{"@id":"https:\/\/www.ifjerusalem-romaingary.org\/he\/rencontre-litteraire-avec-ralph-toledano\/#primaryimage"},"thumbnailUrl":"https:\/\/www.ifjerusalem-romaingary.org\/wp-content\/uploads\/2026\/01\/Visuel-article-SITE_Ralph-Toledano.png","datePublished":"2026-01-19T10:23:53+00:00","dateModified":"2026-02-03T14:20:48+00:00","breadcrumb":{"@id":"https:\/\/www.ifjerusalem-romaingary.org\/he\/rencontre-litteraire-avec-ralph-toledano\/#breadcrumb"},"inLanguage":"he-IL","potentialAction":[{"@type":"ReadAction","target":["https:\/\/www.ifjerusalem-romaingary.org\/he\/rencontre-litteraire-avec-ralph-toledano\/"]}]},{"@type":"ImageObject","inLanguage":"he-IL","@id":"https:\/\/www.ifjerusalem-romaingary.org\/he\/rencontre-litteraire-avec-ralph-toledano\/#primaryimage","url":"https:\/\/www.ifjerusalem-romaingary.org\/wp-content\/uploads\/2026\/01\/Visuel-article-SITE_Ralph-Toledano.png","contentUrl":"https:\/\/www.ifjerusalem-romaingary.org\/wp-content\/uploads\/2026\/01\/Visuel-article-SITE_Ralph-Toledano.png","width":1920,"height":1080},{"@type":"BreadcrumbList","@id":"https:\/\/www.ifjerusalem-romaingary.org\/he\/rencontre-litteraire-avec-ralph-toledano\/#breadcrumb","itemListElement":[{"@type":"ListItem","position":1,"name":"Accueil","item":"https:\/\/www.ifjerusalem-romaingary.org\/he\/accueil\/"},{"@type":"ListItem","position":2,"name":"RENCONTRE LITT\u00c9RAIRE AVEC RALPH TOLEDANO &#8211; 18 f\u00e9vrier \u00e0 19h"}]},{"@type":"WebSite","@id":"https:\/\/www.ifjerusalem-romaingary.org\/he\/#website","url":"https:\/\/www.ifjerusalem-romaingary.org\/he\/","name":"Institut Fran\u00e7ais de J\u00e9rusalem","description":"Romain Gary","publisher":{"@id":"https:\/\/www.ifjerusalem-romaingary.org\/he\/#organization"},"potentialAction":[{"@type":"SearchAction","target":{"@type":"EntryPoint","urlTemplate":"https:\/\/www.ifjerusalem-romaingary.org\/he\/?s={search_term_string}"},"query-input":{"@type":"PropertyValueSpecification","valueRequired":true,"valueName":"search_term_string"}}],"inLanguage":"he-IL"},{"@type":"Organization","@id":"https:\/\/www.ifjerusalem-romaingary.org\/he\/#organization","name":"Institut fran\u00e7ais de Jerusalem","url":"https:\/\/www.ifjerusalem-romaingary.org\/he\/","logo":{"@type":"ImageObject","inLanguage":"he-IL","@id":"https:\/\/www.ifjerusalem-romaingary.org\/he\/#\/schema\/logo\/image\/","url":"https:\/\/www.ifjerusalem-romaingary.org\/wp-content\/uploads\/2020\/01\/logo-Cons-Jerusalem-IFJ-2016@2x.png","contentUrl":"https:\/\/www.ifjerusalem-romaingary.org\/wp-content\/uploads\/2020\/01\/logo-Cons-Jerusalem-IFJ-2016@2x.png","width":480,"height":163,"caption":"Institut fran\u00e7ais de Jerusalem"},"image":{"@id":"https:\/\/www.ifjerusalem-romaingary.org\/he\/#\/schema\/logo\/image\/"},"sameAs":["https:\/\/www.facebook.com\/IFJGary\/","https:\/\/x.com\/ifjromaingary"]},{"@type":"Person","@id":"https:\/\/www.ifjerusalem-romaingary.org\/he\/#\/schema\/person\/5fcfb7145c5a116fdb70cc016962c61c","name":"admin1386","image":{"@type":"ImageObject","inLanguage":"he-IL","@id":"https:\/\/www.ifjerusalem-romaingary.org\/he\/#\/schema\/person\/image\/","url":"https:\/\/secure.gravatar.com\/avatar\/d77e1c333179dcba6ae9bb7b69103738277c9e907cbad663f818876524fadbd9?s=96&d=mm&r=g","contentUrl":"https:\/\/secure.gravatar.com\/avatar\/d77e1c333179dcba6ae9bb7b69103738277c9e907cbad663f818876524fadbd9?s=96&d=mm&r=g","caption":"admin1386"}}]}},"_links":{"self":[{"href":"https:\/\/www.ifjerusalem-romaingary.org\/he\/wp-json\/wp\/v2\/posts\/12471","targetHints":{"allow":["GET"]}}],"collection":[{"href":"https:\/\/www.ifjerusalem-romaingary.org\/he\/wp-json\/wp\/v2\/posts"}],"about":[{"href":"https:\/\/www.ifjerusalem-romaingary.org\/he\/wp-json\/wp\/v2\/types\/post"}],"author":[{"embeddable":true,"href":"https:\/\/www.ifjerusalem-romaingary.org\/he\/wp-json\/wp\/v2\/users\/1"}],"replies":[{"embeddable":true,"href":"https:\/\/www.ifjerusalem-romaingary.org\/he\/wp-json\/wp\/v2\/comments?post=12471"}],"version-history":[{"count":10,"href":"https:\/\/www.ifjerusalem-romaingary.org\/he\/wp-json\/wp\/v2\/posts\/12471\/revisions"}],"predecessor-version":[{"id":12622,"href":"https:\/\/www.ifjerusalem-romaingary.org\/he\/wp-json\/wp\/v2\/posts\/12471\/revisions\/12622"}],"wp:featuredmedia":[{"embeddable":true,"href":"https:\/\/www.ifjerusalem-romaingary.org\/he\/wp-json\/wp\/v2\/media\/12476"}],"wp:attachment":[{"href":"https:\/\/www.ifjerusalem-romaingary.org\/he\/wp-json\/wp\/v2\/media?parent=12471"}],"wp:term":[{"taxonomy":"category","embeddable":true,"href":"https:\/\/www.ifjerusalem-romaingary.org\/he\/wp-json\/wp\/v2\/categories?post=12471"},{"taxonomy":"post_tag","embeddable":true,"href":"https:\/\/www.ifjerusalem-romaingary.org\/he\/wp-json\/wp\/v2\/tags?post=12471"}],"curies":[{"name":"wp","href":"https:\/\/api.w.org\/{rel}","templated":true}]}}