{"id":13030,"date":"2026-05-03T12:07:36","date_gmt":"2026-05-03T09:07:36","guid":{"rendered":"https:\/\/www.ifjerusalem-romaingary.org\/?p=13030"},"modified":"2026-05-03T12:09:14","modified_gmt":"2026-05-03T09:09:14","slug":"balades-urbaines-2","status":"publish","type":"post","link":"https:\/\/www.ifjerusalem-romaingary.org\/he\/balades-urbaines-2\/","title":{"rendered":"BALADES URBAINES\u00a0"},"content":{"rendered":"<p><b>Les balades urbaines sont de retour.<\/b><\/p>\n<p><span style=\"font-weight: 400;\">Nous sommes heureux de vous annoncer la reprise des balades urbaines. Cette reprise se fera tout en couleurs avec Bitya Rozen Goldberg.<\/span><\/p>\n<figure id=\"attachment_13031\" aria-describedby=\"caption-attachment-13031\" style=\"width: 150px\" class=\"wp-caption alignleft\"><img decoding=\"async\" class=\"wp-image-13031 size-thumbnail\" src=\"https:\/\/www.ifjerusalem-romaingary.org\/wp-content\/uploads\/2026\/05\/Photo-Bitya-Rozen-Goldberg-1-150x150.jpg\" alt=\"\" width=\"150\" height=\"150\" \/><figcaption id=\"caption-attachment-13031\" class=\"wp-caption-text\">Bitya Rozen Goldberg<\/figcaption><\/figure>\n<p>&nbsp;<\/p>\n<p>&nbsp;<\/p>\n<p>&nbsp;<\/p>\n<p>&nbsp;<\/p>\n<p>&nbsp;<\/p>\n<p><span style=\"font-weight: 400;\">Guide touristique sp\u00e9cialiste de J\u00e9rusalem, <\/span><b>Bitya Rozen-Goldberg<\/b><span style=\"font-weight: 400;\"> est rabbin, cofondatrice de <\/span><i><span style=\"font-weight: 400;\">Ta Shma<\/span><\/i><span style=\"font-weight: 400;\">, un cercle d'\u00e9tudes francophone \u00e0 J\u00e9rusalem, o\u00f9 elle enseigne le Talmud. Elle est membre de l'Association <\/span><i><span style=\"font-weight: 400;\">Chuppot, <\/span><\/i><span style=\"font-weight: 400;\">enseigne et \u00e9crit pour diverses plateformes en h\u00e9breu et en fran\u00e7ais.\u00a0<\/span><\/p>\n<p><b>DIMANCHE 10 MAI<\/b><\/p>\n<p><b>\u00c0 9h<\/b><\/p>\n<p>&nbsp;<\/p>\n<p><b>Le march\u00e9 Mahan\u00e9 Y\u00e9huda, une exp\u00e9rience esth\u00e9tique et sensorielle<\/b><b><\/b><\/p>\n<p>&nbsp;<\/p>\n<p><span style=\"font-weight: 400;\">Affutez vos cinq sens et plongez dans le tourbillon de couleurs et d\u2019odeurs qu\u2019est le march\u00e9 Mahan\u00e9 Y\u00e9huda, un march\u00e9 principalement alimentaire, n\u00e9 \u00e0 la fin du XIX\u00e8me si\u00e8cle.<\/span><\/p>\n<p><span style=\"font-weight: 400;\"><br \/>\n<\/span><span style=\"font-weight: 400;\">Aujourd\u2019hui march\u00e9 permanent, ouvert six jours sur sept, c\u2019est un lieu d\u2019approvisionnement incontest\u00e9 de la ville. Depuis deux d\u00e9cennies, le march\u00e9 fait aussi partie de la sc\u00e8ne culturelle et gastronomique de la J\u00e9rusalem.\u00a0<\/span><\/p>\n<p>&nbsp;<\/p>\n<p><span style=\"font-weight: 400;\">Un tour entre \u00e9choppes, graffitis, vendeurs de bonheur et po\u00e8tes. Nous raconterons les histoires des \u00e9tals parfois centenaires, sentirons les \u00e9pices et go\u00fbterons les d\u00e9lices que le march\u00e9 produit : envie d\u2019un borekas, de la meilleure glace de J\u00e9rusalem, d\u2019un vin local, de feuilles de vignes ou de halva ?\u00a0<\/span><\/p>\n<p><span style=\"font-weight: 400;\">C\u2019est parti !<\/span><\/p>\n<p>&nbsp;<\/p>\n<p><b>Pr\u00e9voyez de la monnaie pour vos d\u00e9gustations<\/b><span style=\"font-weight: 400;\">.<\/span><\/p>\n<p>&nbsp;<\/p>\n<figure id=\"attachment_13033\" aria-describedby=\"caption-attachment-13033\" style=\"width: 150px\" class=\"wp-caption alignleft\"><img decoding=\"async\" class=\"wp-image-13033 size-thumbnail\" src=\"https:\/\/www.ifjerusalem-romaingary.org\/wp-content\/uploads\/2026\/05\/Photo-quartier_Mahane-Yehuda-balade-du-10-mai-a-utiliser-aussi-pour-levenement-Fracebook-150x150.jpg\" alt=\"\" width=\"150\" height=\"150\" \/><figcaption id=\"caption-attachment-13033\" class=\"wp-caption-text\">Mahane Yehuda<\/figcaption><\/figure>\n<p>&nbsp;<\/p>\n<p>&nbsp;<\/p>\n<p>&nbsp;<\/p>\n<p>&nbsp;<\/p>\n<p>&nbsp;<\/p>\n<p>&nbsp;<\/p>\n<p><b>DIMANCHE 24 MAI<\/b><\/p>\n<p><b>\u00c0 9h<\/b><\/p>\n<p>&nbsp;<\/p>\n<p><b>La France \u00e0 J\u00e9rusalem &#8211; Portraits de femmes qui ont b\u00e2ti la ville<\/b><\/p>\n<p><span style=\"font-weight: 400;\">Du Tombeau des rois \u00e0 l\u2019\u00e9glise Sainte-Anne, en passant par le Tombeau de Marie, cette balade propose un voyage \u00e0 travers J\u00e9rusalem en suivant les traces de femmes dont les destins ont fa\u00e7onn\u00e9 la ville. H\u00e9l\u00e8ne d\u2019Adiab\u00e8ne, l\u2019imp\u00e9ratrice Eudoxie, la reine M\u00e9lisande ou encore Dame Tunshuq : souveraines, b\u00e2tisseuses ou m\u00e9c\u00e8nes, elles ont inscrit leur empreinte dans la topographie sacr\u00e9e et politique de J\u00e9rusalem.<\/span><\/p>\n<p><span style=\"font-weight: 400;\">\u00c0 travers l\u2019architecture, c\u2019est toute une lecture du pouvoir f\u00e9minin dans l\u2019espace urbain qui s\u2019offre \u00e0 nous. Ces monuments t\u00e9moignent d\u2019une pr\u00e9sence souvent effac\u00e9e mais essentielle : celle des femmes dans la construction de la m\u00e9moire des villes.<\/span><\/p>\n<p>&nbsp;<\/p>\n<figure id=\"attachment_13037\" aria-describedby=\"caption-attachment-13037\" style=\"width: 150px\" class=\"wp-caption alignleft\"><img decoding=\"async\" class=\"wp-image-13037 size-thumbnail\" src=\"https:\/\/www.ifjerusalem-romaingary.org\/wp-content\/uploads\/2026\/05\/Photo-Jerusalem-Sitt-Tunshuq-balade-du-24-mai-a-utiliser-aussi-pour-levenement-facebook-150x150.jpg\" alt=\"\" width=\"150\" height=\"150\" \/><figcaption id=\"caption-attachment-13037\" class=\"wp-caption-text\">Sitt Tunshuq<\/figcaption><\/figure>\n<p>&nbsp;<\/p>\n<p>&nbsp;<\/p>\n<p>&nbsp;<\/p>\n<p>&nbsp;<\/p>\n<p>&nbsp;<\/p>\n<p><span style=\"font-weight: 400;\">Balades en fran\u00e7ais<\/span><\/p>\n<p><b>D\u00e9part de l\u2019institut fran\u00e7ais de J\u00e9rusalem Romain Gary 35 rue Hillel pour le 10 mai balade au march\u00e9<\/b><\/p>\n<p><b>D\u00e9part du Tombeau des Rois 46 rue Salah Ad-din pour le 24 mai\u00a0<\/b><\/p>\n<p>&nbsp;<\/p>\n<p><b>P.A.F. <\/b><span style=\"font-weight: 400;\">100 \u20aa pour la balade\u00a0<\/span><\/p>\n<p><span style=\"font-weight: 400;\">Nombre de places limit\u00e9\u00a0<\/span><\/p>\n<p><b>R\u00e9servation indispensable ifjromaingary@gmail.com ou 02-6243156<\/b><\/p>\n<p><span style=\"font-weight: 400;\">Inscription valid\u00e9e apr\u00e8s paiement \u00e0 l\u2019institut en esp\u00e8ces ou par virement bancaire<\/span><\/p>\n<p><b>L'institut fran\u00e7ais Romain Gary est ouvert du dimanche au jeudi de 10h \u00e0 13h et de 14h \u00e0 18h<\/b><\/p>\n","protected":false},"excerpt":{"rendered":"<p>Les balades urbaines sont de retour. Nous sommes heureux de vous annoncer la reprise des balades urbaines. Cette reprise se fera tout en couleurs avec Bitya Rozen Goldberg. &nbsp; &nbsp; &nbsp; &nbsp; &nbsp; Guide touristique sp\u00e9cialiste de J\u00e9rusalem, Bitya Rozen-Goldberg est rabbin, cofondatrice de Ta Shma, un cercle d'\u00e9tudes francophone \u00e0 J\u00e9rusalem, o\u00f9 elle enseigne &hellip;<\/p>\n","protected":false},"author":1,"featured_media":13035,"comment_status":"closed","ping_status":"closed","sticky":false,"template":"","format":"standard","meta":{"_exactmetrics_skip_tracking":false,"_exactmetrics_sitenote_active":false,"_exactmetrics_sitenote_note":"","_exactmetrics_sitenote_category":0,"footnotes":""},"categories":[91,55],"tags":[],"class_list":["post-13030","post","type-post","status-publish","format-standard","has-post-thumbnail","","category-a-la-une","category-diaporama"],"yoast_head":"<!-- This site is optimized with the Yoast SEO plugin v26.6 - https:\/\/yoast.com\/wordpress\/plugins\/seo\/ -->\n<title>BALADES URBAINES\u00a0 - Institut Fran\u00e7ais de J\u00e9rusalem<\/title>\n<meta name=\"robots\" content=\"index, follow, max-snippet:-1, max-image-preview:large, max-video-preview:-1\" \/>\n<link rel=\"canonical\" href=\"https:\/\/www.ifjerusalem-romaingary.org\/he\/balades-urbaines-2\/\" \/>\n<meta property=\"og:locale\" content=\"he_IL\" \/>\n<meta property=\"og:type\" content=\"article\" \/>\n<meta property=\"og:title\" content=\"BALADES URBAINES\u00a0 - Institut Fran\u00e7ais de J\u00e9rusalem\" \/>\n<meta property=\"og:description\" content=\"Les balades urbaines sont de retour. Nous sommes heureux de vous annoncer la reprise des balades urbaines. Cette reprise se fera tout en couleurs avec Bitya Rozen Goldberg. &nbsp; &nbsp; &nbsp; &nbsp; &nbsp; Guide touristique sp\u00e9cialiste de J\u00e9rusalem, Bitya Rozen-Goldberg est rabbin, cofondatrice de Ta Shma, un cercle d&#039;\u00e9tudes francophone \u00e0 J\u00e9rusalem, o\u00f9 elle enseigne &hellip;\" \/>\n<meta property=\"og:url\" content=\"https:\/\/www.ifjerusalem-romaingary.org\/he\/balades-urbaines-2\/\" \/>\n<meta property=\"og:site_name\" content=\"Institut Fran\u00e7ais de J\u00e9rusalem\" \/>\n<meta property=\"article:publisher\" content=\"https:\/\/www.facebook.com\/IFJGary\/\" \/>\n<meta property=\"article:published_time\" content=\"2026-05-03T09:07:36+00:00\" \/>\n<meta property=\"article:modified_time\" content=\"2026-05-03T09:09:14+00:00\" \/>\n<meta property=\"og:image\" content=\"https:\/\/www.ifjerusalem-romaingary.org\/wp-content\/uploads\/2026\/05\/Visuel-article-site_credit-Aude-Thepeunier-1-1024x768.png\" \/>\n\t<meta property=\"og:image:width\" content=\"1024\" \/>\n\t<meta property=\"og:image:height\" content=\"768\" \/>\n\t<meta property=\"og:image:type\" content=\"image\/png\" \/>\n<meta name=\"author\" content=\"admin1386\" \/>\n<meta name=\"twitter:card\" content=\"summary_large_image\" \/>\n<meta name=\"twitter:creator\" content=\"@ifjromaingary\" \/>\n<meta name=\"twitter:site\" content=\"@ifjromaingary\" \/>\n<meta name=\"twitter:label1\" content=\"\u05e0\u05db\u05ea\u05d1 \u05e2\u05dc \u05d9\u05d3\" \/>\n\t<meta name=\"twitter:data1\" content=\"admin1386\" \/>\n\t<meta name=\"twitter:label2\" content=\"\u05d6\u05de\u05df \u05e7\u05e8\u05d9\u05d0\u05d4 \u05de\u05d5\u05e2\u05e8\u05da\" \/>\n\t<meta name=\"twitter:data2\" content=\"3 \u05d3\u05e7\u05d5\u05ea\" \/>\n<script type=\"application\/ld+json\" class=\"yoast-schema-graph\">{\"@context\":\"https:\/\/schema.org\",\"@graph\":[{\"@type\":\"Article\",\"@id\":\"https:\/\/www.ifjerusalem-romaingary.org\/he\/balades-urbaines-2\/#article\",\"isPartOf\":{\"@id\":\"https:\/\/www.ifjerusalem-romaingary.org\/he\/balades-urbaines-2\/\"},\"author\":{\"name\":\"admin1386\",\"@id\":\"https:\/\/www.ifjerusalem-romaingary.org\/he\/#\/schema\/person\/5fcfb7145c5a116fdb70cc016962c61c\"},\"headline\":\"BALADES URBAINES\u00a0\",\"datePublished\":\"2026-05-03T09:07:36+00:00\",\"dateModified\":\"2026-05-03T09:09:14+00:00\",\"mainEntityOfPage\":{\"@id\":\"https:\/\/www.ifjerusalem-romaingary.org\/he\/balades-urbaines-2\/\"},\"wordCount\":506,\"publisher\":{\"@id\":\"https:\/\/www.ifjerusalem-romaingary.org\/he\/#organization\"},\"image\":{\"@id\":\"https:\/\/www.ifjerusalem-romaingary.org\/he\/balades-urbaines-2\/#primaryimage\"},\"thumbnailUrl\":\"https:\/\/www.ifjerusalem-romaingary.org\/wp-content\/uploads\/2026\/05\/Visuel-article-site_credit-Aude-Thepeunier-1.png\",\"articleSection\":[\"\u00c0 LA UNE\",\"Diaporama\"],\"inLanguage\":\"he-IL\"},{\"@type\":\"WebPage\",\"@id\":\"https:\/\/www.ifjerusalem-romaingary.org\/he\/balades-urbaines-2\/\",\"url\":\"https:\/\/www.ifjerusalem-romaingary.org\/he\/balades-urbaines-2\/\",\"name\":\"BALADES URBAINES\u00a0 - Institut Fran\u00e7ais de J\u00e9rusalem\",\"isPartOf\":{\"@id\":\"https:\/\/www.ifjerusalem-romaingary.org\/he\/#website\"},\"primaryImageOfPage\":{\"@id\":\"https:\/\/www.ifjerusalem-romaingary.org\/he\/balades-urbaines-2\/#primaryimage\"},\"image\":{\"@id\":\"https:\/\/www.ifjerusalem-romaingary.org\/he\/balades-urbaines-2\/#primaryimage\"},\"thumbnailUrl\":\"https:\/\/www.ifjerusalem-romaingary.org\/wp-content\/uploads\/2026\/05\/Visuel-article-site_credit-Aude-Thepeunier-1.png\",\"datePublished\":\"2026-05-03T09:07:36+00:00\",\"dateModified\":\"2026-05-03T09:09:14+00:00\",\"breadcrumb\":{\"@id\":\"https:\/\/www.ifjerusalem-romaingary.org\/he\/balades-urbaines-2\/#breadcrumb\"},\"inLanguage\":\"he-IL\",\"potentialAction\":[{\"@type\":\"ReadAction\",\"target\":[\"https:\/\/www.ifjerusalem-romaingary.org\/he\/balades-urbaines-2\/\"]}]},{\"@type\":\"ImageObject\",\"inLanguage\":\"he-IL\",\"@id\":\"https:\/\/www.ifjerusalem-romaingary.org\/he\/balades-urbaines-2\/#primaryimage\",\"url\":\"https:\/\/www.ifjerusalem-romaingary.org\/wp-content\/uploads\/2026\/05\/Visuel-article-site_credit-Aude-Thepeunier-1.png\",\"contentUrl\":\"https:\/\/www.ifjerusalem-romaingary.org\/wp-content\/uploads\/2026\/05\/Visuel-article-site_credit-Aude-Thepeunier-1.png\",\"width\":2000,\"height\":1500,\"caption\":\"Sitt Tunshuq\"},{\"@type\":\"BreadcrumbList\",\"@id\":\"https:\/\/www.ifjerusalem-romaingary.org\/he\/balades-urbaines-2\/#breadcrumb\",\"itemListElement\":[{\"@type\":\"ListItem\",\"position\":1,\"name\":\"Accueil\",\"item\":\"https:\/\/www.ifjerusalem-romaingary.org\/he\/accueil\/\"},{\"@type\":\"ListItem\",\"position\":2,\"name\":\"BALADES URBAINES\u00a0\"}]},{\"@type\":\"WebSite\",\"@id\":\"https:\/\/www.ifjerusalem-romaingary.org\/he\/#website\",\"url\":\"https:\/\/www.ifjerusalem-romaingary.org\/he\/\",\"name\":\"Institut Fran\u00e7ais de J\u00e9rusalem\",\"description\":\"Romain Gary\",\"publisher\":{\"@id\":\"https:\/\/www.ifjerusalem-romaingary.org\/he\/#organization\"},\"potentialAction\":[{\"@type\":\"SearchAction\",\"target\":{\"@type\":\"EntryPoint\",\"urlTemplate\":\"https:\/\/www.ifjerusalem-romaingary.org\/he\/?s={search_term_string}\"},\"query-input\":{\"@type\":\"PropertyValueSpecification\",\"valueRequired\":true,\"valueName\":\"search_term_string\"}}],\"inLanguage\":\"he-IL\"},{\"@type\":\"Organization\",\"@id\":\"https:\/\/www.ifjerusalem-romaingary.org\/he\/#organization\",\"name\":\"Institut fran\u00e7ais de Jerusalem\",\"url\":\"https:\/\/www.ifjerusalem-romaingary.org\/he\/\",\"logo\":{\"@type\":\"ImageObject\",\"inLanguage\":\"he-IL\",\"@id\":\"https:\/\/www.ifjerusalem-romaingary.org\/he\/#\/schema\/logo\/image\/\",\"url\":\"https:\/\/www.ifjerusalem-romaingary.org\/wp-content\/uploads\/2020\/01\/logo-Cons-Jerusalem-IFJ-2016@2x.png\",\"contentUrl\":\"https:\/\/www.ifjerusalem-romaingary.org\/wp-content\/uploads\/2020\/01\/logo-Cons-Jerusalem-IFJ-2016@2x.png\",\"width\":480,\"height\":163,\"caption\":\"Institut fran\u00e7ais de Jerusalem\"},\"image\":{\"@id\":\"https:\/\/www.ifjerusalem-romaingary.org\/he\/#\/schema\/logo\/image\/\"},\"sameAs\":[\"https:\/\/www.facebook.com\/IFJGary\/\",\"https:\/\/x.com\/ifjromaingary\"]},{\"@type\":\"Person\",\"@id\":\"https:\/\/www.ifjerusalem-romaingary.org\/he\/#\/schema\/person\/5fcfb7145c5a116fdb70cc016962c61c\",\"name\":\"admin1386\",\"image\":{\"@type\":\"ImageObject\",\"inLanguage\":\"he-IL\",\"@id\":\"https:\/\/www.ifjerusalem-romaingary.org\/he\/#\/schema\/person\/image\/\",\"url\":\"https:\/\/secure.gravatar.com\/avatar\/d77e1c333179dcba6ae9bb7b69103738277c9e907cbad663f818876524fadbd9?s=96&d=mm&r=g\",\"contentUrl\":\"https:\/\/secure.gravatar.com\/avatar\/d77e1c333179dcba6ae9bb7b69103738277c9e907cbad663f818876524fadbd9?s=96&d=mm&r=g\",\"caption\":\"admin1386\"}}]}<\/script>\n<!-- \/ Yoast SEO plugin. -->","yoast_head_json":{"title":"BALADES URBAINES\u00a0 - Institut Fran\u00e7ais de J\u00e9rusalem","robots":{"index":"index","follow":"follow","max-snippet":"max-snippet:-1","max-image-preview":"max-image-preview:large","max-video-preview":"max-video-preview:-1"},"canonical":"https:\/\/www.ifjerusalem-romaingary.org\/he\/balades-urbaines-2\/","og_locale":"he_IL","og_type":"article","og_title":"BALADES URBAINES\u00a0 - Institut Fran\u00e7ais de J\u00e9rusalem","og_description":"Les balades urbaines sont de retour. Nous sommes heureux de vous annoncer la reprise des balades urbaines. Cette reprise se fera tout en couleurs avec Bitya Rozen Goldberg. &nbsp; &nbsp; &nbsp; &nbsp; &nbsp; Guide touristique sp\u00e9cialiste de J\u00e9rusalem, Bitya Rozen-Goldberg est rabbin, cofondatrice de Ta Shma, un cercle d'\u00e9tudes francophone \u00e0 J\u00e9rusalem, o\u00f9 elle enseigne &hellip;","og_url":"https:\/\/www.ifjerusalem-romaingary.org\/he\/balades-urbaines-2\/","og_site_name":"Institut Fran\u00e7ais de J\u00e9rusalem","article_publisher":"https:\/\/www.facebook.com\/IFJGary\/","article_published_time":"2026-05-03T09:07:36+00:00","article_modified_time":"2026-05-03T09:09:14+00:00","og_image":[{"width":1024,"height":768,"url":"https:\/\/www.ifjerusalem-romaingary.org\/wp-content\/uploads\/2026\/05\/Visuel-article-site_credit-Aude-Thepeunier-1-1024x768.png","type":"image\/png"}],"author":"admin1386","twitter_card":"summary_large_image","twitter_creator":"@ifjromaingary","twitter_site":"@ifjromaingary","twitter_misc":{"\u05e0\u05db\u05ea\u05d1 \u05e2\u05dc \u05d9\u05d3":"admin1386","\u05d6\u05de\u05df \u05e7\u05e8\u05d9\u05d0\u05d4 \u05de\u05d5\u05e2\u05e8\u05da":"3 \u05d3\u05e7\u05d5\u05ea"},"schema":{"@context":"https:\/\/schema.org","@graph":[{"@type":"Article","@id":"https:\/\/www.ifjerusalem-romaingary.org\/he\/balades-urbaines-2\/#article","isPartOf":{"@id":"https:\/\/www.ifjerusalem-romaingary.org\/he\/balades-urbaines-2\/"},"author":{"name":"admin1386","@id":"https:\/\/www.ifjerusalem-romaingary.org\/he\/#\/schema\/person\/5fcfb7145c5a116fdb70cc016962c61c"},"headline":"BALADES URBAINES\u00a0","datePublished":"2026-05-03T09:07:36+00:00","dateModified":"2026-05-03T09:09:14+00:00","mainEntityOfPage":{"@id":"https:\/\/www.ifjerusalem-romaingary.org\/he\/balades-urbaines-2\/"},"wordCount":506,"publisher":{"@id":"https:\/\/www.ifjerusalem-romaingary.org\/he\/#organization"},"image":{"@id":"https:\/\/www.ifjerusalem-romaingary.org\/he\/balades-urbaines-2\/#primaryimage"},"thumbnailUrl":"https:\/\/www.ifjerusalem-romaingary.org\/wp-content\/uploads\/2026\/05\/Visuel-article-site_credit-Aude-Thepeunier-1.png","articleSection":["\u00c0 LA UNE","Diaporama"],"inLanguage":"he-IL"},{"@type":"WebPage","@id":"https:\/\/www.ifjerusalem-romaingary.org\/he\/balades-urbaines-2\/","url":"https:\/\/www.ifjerusalem-romaingary.org\/he\/balades-urbaines-2\/","name":"BALADES URBAINES\u00a0 - Institut Fran\u00e7ais de J\u00e9rusalem","isPartOf":{"@id":"https:\/\/www.ifjerusalem-romaingary.org\/he\/#website"},"primaryImageOfPage":{"@id":"https:\/\/www.ifjerusalem-romaingary.org\/he\/balades-urbaines-2\/#primaryimage"},"image":{"@id":"https:\/\/www.ifjerusalem-romaingary.org\/he\/balades-urbaines-2\/#primaryimage"},"thumbnailUrl":"https:\/\/www.ifjerusalem-romaingary.org\/wp-content\/uploads\/2026\/05\/Visuel-article-site_credit-Aude-Thepeunier-1.png","datePublished":"2026-05-03T09:07:36+00:00","dateModified":"2026-05-03T09:09:14+00:00","breadcrumb":{"@id":"https:\/\/www.ifjerusalem-romaingary.org\/he\/balades-urbaines-2\/#breadcrumb"},"inLanguage":"he-IL","potentialAction":[{"@type":"ReadAction","target":["https:\/\/www.ifjerusalem-romaingary.org\/he\/balades-urbaines-2\/"]}]},{"@type":"ImageObject","inLanguage":"he-IL","@id":"https:\/\/www.ifjerusalem-romaingary.org\/he\/balades-urbaines-2\/#primaryimage","url":"https:\/\/www.ifjerusalem-romaingary.org\/wp-content\/uploads\/2026\/05\/Visuel-article-site_credit-Aude-Thepeunier-1.png","contentUrl":"https:\/\/www.ifjerusalem-romaingary.org\/wp-content\/uploads\/2026\/05\/Visuel-article-site_credit-Aude-Thepeunier-1.png","width":2000,"height":1500,"caption":"Sitt Tunshuq"},{"@type":"BreadcrumbList","@id":"https:\/\/www.ifjerusalem-romaingary.org\/he\/balades-urbaines-2\/#breadcrumb","itemListElement":[{"@type":"ListItem","position":1,"name":"Accueil","item":"https:\/\/www.ifjerusalem-romaingary.org\/he\/accueil\/"},{"@type":"ListItem","position":2,"name":"BALADES URBAINES\u00a0"}]},{"@type":"WebSite","@id":"https:\/\/www.ifjerusalem-romaingary.org\/he\/#website","url":"https:\/\/www.ifjerusalem-romaingary.org\/he\/","name":"Institut Fran\u00e7ais de J\u00e9rusalem","description":"Romain Gary","publisher":{"@id":"https:\/\/www.ifjerusalem-romaingary.org\/he\/#organization"},"potentialAction":[{"@type":"SearchAction","target":{"@type":"EntryPoint","urlTemplate":"https:\/\/www.ifjerusalem-romaingary.org\/he\/?s={search_term_string}"},"query-input":{"@type":"PropertyValueSpecification","valueRequired":true,"valueName":"search_term_string"}}],"inLanguage":"he-IL"},{"@type":"Organization","@id":"https:\/\/www.ifjerusalem-romaingary.org\/he\/#organization","name":"Institut fran\u00e7ais de Jerusalem","url":"https:\/\/www.ifjerusalem-romaingary.org\/he\/","logo":{"@type":"ImageObject","inLanguage":"he-IL","@id":"https:\/\/www.ifjerusalem-romaingary.org\/he\/#\/schema\/logo\/image\/","url":"https:\/\/www.ifjerusalem-romaingary.org\/wp-content\/uploads\/2020\/01\/logo-Cons-Jerusalem-IFJ-2016@2x.png","contentUrl":"https:\/\/www.ifjerusalem-romaingary.org\/wp-content\/uploads\/2020\/01\/logo-Cons-Jerusalem-IFJ-2016@2x.png","width":480,"height":163,"caption":"Institut fran\u00e7ais de Jerusalem"},"image":{"@id":"https:\/\/www.ifjerusalem-romaingary.org\/he\/#\/schema\/logo\/image\/"},"sameAs":["https:\/\/www.facebook.com\/IFJGary\/","https:\/\/x.com\/ifjromaingary"]},{"@type":"Person","@id":"https:\/\/www.ifjerusalem-romaingary.org\/he\/#\/schema\/person\/5fcfb7145c5a116fdb70cc016962c61c","name":"admin1386","image":{"@type":"ImageObject","inLanguage":"he-IL","@id":"https:\/\/www.ifjerusalem-romaingary.org\/he\/#\/schema\/person\/image\/","url":"https:\/\/secure.gravatar.com\/avatar\/d77e1c333179dcba6ae9bb7b69103738277c9e907cbad663f818876524fadbd9?s=96&d=mm&r=g","contentUrl":"https:\/\/secure.gravatar.com\/avatar\/d77e1c333179dcba6ae9bb7b69103738277c9e907cbad663f818876524fadbd9?s=96&d=mm&r=g","caption":"admin1386"}}]}},"_links":{"self":[{"href":"https:\/\/www.ifjerusalem-romaingary.org\/he\/wp-json\/wp\/v2\/posts\/13030","targetHints":{"allow":["GET"]}}],"collection":[{"href":"https:\/\/www.ifjerusalem-romaingary.org\/he\/wp-json\/wp\/v2\/posts"}],"about":[{"href":"https:\/\/www.ifjerusalem-romaingary.org\/he\/wp-json\/wp\/v2\/types\/post"}],"author":[{"embeddable":true,"href":"https:\/\/www.ifjerusalem-romaingary.org\/he\/wp-json\/wp\/v2\/users\/1"}],"replies":[{"embeddable":true,"href":"https:\/\/www.ifjerusalem-romaingary.org\/he\/wp-json\/wp\/v2\/comments?post=13030"}],"version-history":[{"count":3,"href":"https:\/\/www.ifjerusalem-romaingary.org\/he\/wp-json\/wp\/v2\/posts\/13030\/revisions"}],"predecessor-version":[{"id":13041,"href":"https:\/\/www.ifjerusalem-romaingary.org\/he\/wp-json\/wp\/v2\/posts\/13030\/revisions\/13041"}],"wp:featuredmedia":[{"embeddable":true,"href":"https:\/\/www.ifjerusalem-romaingary.org\/he\/wp-json\/wp\/v2\/media\/13035"}],"wp:attachment":[{"href":"https:\/\/www.ifjerusalem-romaingary.org\/he\/wp-json\/wp\/v2\/media?parent=13030"}],"wp:term":[{"taxonomy":"category","embeddable":true,"href":"https:\/\/www.ifjerusalem-romaingary.org\/he\/wp-json\/wp\/v2\/categories?post=13030"},{"taxonomy":"post_tag","embeddable":true,"href":"https:\/\/www.ifjerusalem-romaingary.org\/he\/wp-json\/wp\/v2\/tags?post=13030"}],"curies":[{"name":"wp","href":"https:\/\/api.w.org\/{rel}","templated":true}]}}