{"id":2944,"date":"2018-02-07T16:59:52","date_gmt":"2018-02-07T14:59:52","guid":{"rendered":"http:\/\/ifjerusalem-romaingary.org\/?p=2944"},"modified":"2018-02-15T09:41:45","modified_gmt":"2018-02-15T07:41:45","slug":"14022018-theatre-langoisse-du-roi-salomon","status":"publish","type":"post","link":"https:\/\/www.ifjerusalem-romaingary.org\/he\/14022018-theatre-langoisse-du-roi-salomon\/","title":{"rendered":"14\/02\/2018 | TH\u00c9\u00c2TRE | L'Angoisse du Roi Salomon"},"content":{"rendered":"<p style=\"text-align: center;\"><strong>Une adaptation musicale de la pi\u00e8ce de th\u00e9\u00e2tre de Romain Gary !<\/strong><!--more--><\/p>\n<p>&nbsp;<\/p>\n<p>Le <strong><a href=\"https:\/\/www.facebook.com\/MikroTheater\/\">Th\u00e9\u00e2tre Mikro\u00a0<\/a><a dir=\"rtl\" lang=\"he\" href=\"https:\/\/www.facebook.com\/MikroTheater\/\" data-hovercard=\"\/ajax\/hovercard\/page.php?id=193581270798487&amp;extragetparams=%7B%22directed_target_id%22%3A218537932027299%7D\" data-hovercard-prefer-more-content-show=\"1\">\u05ea\u05d9\u05d0\u05d8\u05e8\u05d5\u05df \u05de\u05d9\u05e7\u05e8\u05d5<\/a><\/strong>\u00a0pr\u00e9sente la pi\u00e8ce <em>L'Angoisse du Roi Salomon<\/em>, adapt\u00e9e de la toute derni\u00e8re \u0153uvre de Romain Gary et sign\u00e9e \u00c9mile Ajar, <strong>mercredi 14 f\u00e9vrier \u00e0 20h<\/strong>.<\/p>\n<p><em>Jean, 30 ans, chauffeur de taxi \u00e0 la belle gueule et au grand c\u0153ur, rencontre Salomon, un vieux monsieur juif tir\u00e9 \u00e0 quatre \u00e9pingles, qui l&#8217;embauche dans son association d'aide aux plus d\u00e9munis. Lors d'une mission, Jean croise Cora Lamenaire, ancienne gloire de la chanson r\u00e9aliste, qui semble conna\u00eetre Salomon.\u00a0<\/em><br \/>\n<em>Mais pourquoi pr\u00e9tend-il l'inverse ?&#8230; Jean va d\u00e9couvrir que Salomon et Cora ont bien un pass\u00e9 commun, li\u00e9 \u00e0 la guerre : lui, cach\u00e9 dans une cave pour pers\u00e9cution, elle au bras d'un gestapiste par amour. Et, avant la guerre, ils \u00e9taient ensemble !<\/em><\/p>\n<p>Performance en h\u00e9breu, surtitr\u00e9e et chant\u00e9e en live et en fran\u00e7ais !\u00a0<strong><u>En savoir +<\/u><\/strong><\/p>\n<p><strong>Tarif : 50 shekels<\/strong><br \/>\n<strong>Adresse : 20 rue Marcus<\/strong><br \/>\n<strong>R\u00e9servations : 02.6488118<\/strong><\/p>\n<p><a href=\"https:\/\/www.facebook.com\/MikroTheater\/\"><img decoding=\"async\" class=\"alignnone wp-image-2952\" src=\"http:\/\/ifjerusalem-romaingary.org\/wp-content\/uploads\/2018\/01\/institut-francais-jerusalem-romain-gary-mikotheater.png\" alt=\"\" width=\"88\" height=\"88\" srcset=\"https:\/\/www.ifjerusalem-romaingary.org\/wp-content\/uploads\/2018\/01\/institut-francais-jerusalem-romain-gary-mikotheater.png 295w, https:\/\/www.ifjerusalem-romaingary.org\/wp-content\/uploads\/2018\/01\/institut-francais-jerusalem-romain-gary-mikotheater-150x150.png 150w\" sizes=\"(max-width: 88px) 100vw, 88px\" \/><\/a><\/p>\n","protected":false},"excerpt":{"rendered":"<p>Une adaptation musicale de la pi\u00e8ce de th\u00e9\u00e2tre de Romain Gary !<\/p>\n","protected":false},"author":2,"featured_media":2945,"comment_status":"open","ping_status":"closed","sticky":false,"template":"","format":"standard","meta":{"_exactmetrics_skip_tracking":false,"_exactmetrics_sitenote_active":false,"_exactmetrics_sitenote_note":"","_exactmetrics_sitenote_category":0,"footnotes":""},"categories":[94,95],"tags":[],"class_list":["post-2944","post","type-post","status-publish","format-standard","has-post-thumbnail","","category-agenda-culturel","category-arts-vivants"],"yoast_head":"<!-- This site is optimized with the Yoast SEO plugin v26.6 - https:\/\/yoast.com\/wordpress\/plugins\/seo\/ -->\n<title>14\/02\/2018 | TH\u00c9\u00c2TRE | L&#039;Angoisse du Roi Salomon - Institut Fran\u00e7ais de J\u00e9rusalem<\/title>\n<meta name=\"robots\" content=\"index, follow, max-snippet:-1, max-image-preview:large, max-video-preview:-1\" \/>\n<link rel=\"canonical\" href=\"https:\/\/www.ifjerusalem-romaingary.org\/he\/14022018-theatre-langoisse-du-roi-salomon\/\" \/>\n<meta property=\"og:locale\" content=\"he_IL\" \/>\n<meta property=\"og:type\" content=\"article\" \/>\n<meta property=\"og:title\" content=\"14\/02\/2018 | TH\u00c9\u00c2TRE | L&#039;Angoisse du Roi Salomon - Institut Fran\u00e7ais de J\u00e9rusalem\" \/>\n<meta property=\"og:description\" content=\"Une adaptation musicale de la pi\u00e8ce de th\u00e9\u00e2tre de Romain Gary !\" \/>\n<meta property=\"og:url\" content=\"https:\/\/www.ifjerusalem-romaingary.org\/he\/14022018-theatre-langoisse-du-roi-salomon\/\" \/>\n<meta property=\"og:site_name\" content=\"Institut Fran\u00e7ais de J\u00e9rusalem\" \/>\n<meta property=\"article:publisher\" content=\"https:\/\/www.facebook.com\/IFJGary\/\" \/>\n<meta property=\"article:published_time\" content=\"2018-02-07T14:59:52+00:00\" \/>\n<meta property=\"article:modified_time\" content=\"2018-02-15T07:41:45+00:00\" \/>\n<meta property=\"og:image\" content=\"https:\/\/www.ifjerusalem-romaingary.org\/wp-content\/uploads\/2018\/02\/institut-francais-jerusalem-romain-gary-salomon.jpg\" \/>\n\t<meta property=\"og:image:width\" content=\"666\" \/>\n\t<meta property=\"og:image:height\" content=\"205\" \/>\n\t<meta property=\"og:image:type\" content=\"image\/jpeg\" \/>\n<meta name=\"author\" content=\"La\u00ebtitia Segon\" \/>\n<meta name=\"twitter:card\" content=\"summary_large_image\" \/>\n<meta name=\"twitter:creator\" content=\"@ifjromaingary\" \/>\n<meta name=\"twitter:site\" content=\"@ifjromaingary\" \/>\n<meta name=\"twitter:label1\" content=\"\u05e0\u05db\u05ea\u05d1 \u05e2\u05dc \u05d9\u05d3\" \/>\n\t<meta name=\"twitter:data1\" content=\"La\u00ebtitia Segon\" \/>\n\t<meta name=\"twitter:label2\" content=\"\u05d6\u05de\u05df \u05e7\u05e8\u05d9\u05d0\u05d4 \u05de\u05d5\u05e2\u05e8\u05da\" \/>\n\t<meta name=\"twitter:data2\" content=\"\u05d3\u05e7\u05d41\" \/>\n<script type=\"application\/ld+json\" class=\"yoast-schema-graph\">{\"@context\":\"https:\/\/schema.org\",\"@graph\":[{\"@type\":\"Article\",\"@id\":\"https:\/\/www.ifjerusalem-romaingary.org\/he\/14022018-theatre-langoisse-du-roi-salomon\/#article\",\"isPartOf\":{\"@id\":\"https:\/\/www.ifjerusalem-romaingary.org\/he\/14022018-theatre-langoisse-du-roi-salomon\/\"},\"author\":{\"name\":\"La\u00ebtitia Segon\",\"@id\":\"https:\/\/www.ifjerusalem-romaingary.org\/he\/#\/schema\/person\/b06f992e905d44ab25c255135229826d\"},\"headline\":\"14\/02\/2018 | TH\u00c9\u00c2TRE | L'Angoisse du Roi Salomon\",\"datePublished\":\"2018-02-07T14:59:52+00:00\",\"dateModified\":\"2018-02-15T07:41:45+00:00\",\"mainEntityOfPage\":{\"@id\":\"https:\/\/www.ifjerusalem-romaingary.org\/he\/14022018-theatre-langoisse-du-roi-salomon\/\"},\"wordCount\":171,\"commentCount\":0,\"publisher\":{\"@id\":\"https:\/\/www.ifjerusalem-romaingary.org\/he\/#organization\"},\"image\":{\"@id\":\"https:\/\/www.ifjerusalem-romaingary.org\/he\/14022018-theatre-langoisse-du-roi-salomon\/#primaryimage\"},\"thumbnailUrl\":\"https:\/\/www.ifjerusalem-romaingary.org\/wp-content\/uploads\/2018\/02\/institut-francais-jerusalem-romain-gary-salomon.jpg\",\"articleSection\":[\"Agenda culturel\",\"Arts vivants\"],\"inLanguage\":\"he-IL\"},{\"@type\":\"WebPage\",\"@id\":\"https:\/\/www.ifjerusalem-romaingary.org\/he\/14022018-theatre-langoisse-du-roi-salomon\/\",\"url\":\"https:\/\/www.ifjerusalem-romaingary.org\/he\/14022018-theatre-langoisse-du-roi-salomon\/\",\"name\":\"14\/02\/2018 | TH\u00c9\u00c2TRE | L'Angoisse du Roi Salomon - Institut Fran\u00e7ais de J\u00e9rusalem\",\"isPartOf\":{\"@id\":\"https:\/\/www.ifjerusalem-romaingary.org\/he\/#website\"},\"primaryImageOfPage\":{\"@id\":\"https:\/\/www.ifjerusalem-romaingary.org\/he\/14022018-theatre-langoisse-du-roi-salomon\/#primaryimage\"},\"image\":{\"@id\":\"https:\/\/www.ifjerusalem-romaingary.org\/he\/14022018-theatre-langoisse-du-roi-salomon\/#primaryimage\"},\"thumbnailUrl\":\"https:\/\/www.ifjerusalem-romaingary.org\/wp-content\/uploads\/2018\/02\/institut-francais-jerusalem-romain-gary-salomon.jpg\",\"datePublished\":\"2018-02-07T14:59:52+00:00\",\"dateModified\":\"2018-02-15T07:41:45+00:00\",\"breadcrumb\":{\"@id\":\"https:\/\/www.ifjerusalem-romaingary.org\/he\/14022018-theatre-langoisse-du-roi-salomon\/#breadcrumb\"},\"inLanguage\":\"he-IL\",\"potentialAction\":[{\"@type\":\"ReadAction\",\"target\":[\"https:\/\/www.ifjerusalem-romaingary.org\/he\/14022018-theatre-langoisse-du-roi-salomon\/\"]}]},{\"@type\":\"ImageObject\",\"inLanguage\":\"he-IL\",\"@id\":\"https:\/\/www.ifjerusalem-romaingary.org\/he\/14022018-theatre-langoisse-du-roi-salomon\/#primaryimage\",\"url\":\"https:\/\/www.ifjerusalem-romaingary.org\/wp-content\/uploads\/2018\/02\/institut-francais-jerusalem-romain-gary-salomon.jpg\",\"contentUrl\":\"https:\/\/www.ifjerusalem-romaingary.org\/wp-content\/uploads\/2018\/02\/institut-francais-jerusalem-romain-gary-salomon.jpg\",\"width\":666,\"height\":205},{\"@type\":\"BreadcrumbList\",\"@id\":\"https:\/\/www.ifjerusalem-romaingary.org\/he\/14022018-theatre-langoisse-du-roi-salomon\/#breadcrumb\",\"itemListElement\":[{\"@type\":\"ListItem\",\"position\":1,\"name\":\"Accueil\",\"item\":\"https:\/\/www.ifjerusalem-romaingary.org\/he\/accueil\/\"},{\"@type\":\"ListItem\",\"position\":2,\"name\":\"14\/02\/2018 | TH\u00c9\u00c2TRE | L&rsquo;Angoisse du Roi Salomon\"}]},{\"@type\":\"WebSite\",\"@id\":\"https:\/\/www.ifjerusalem-romaingary.org\/he\/#website\",\"url\":\"https:\/\/www.ifjerusalem-romaingary.org\/he\/\",\"name\":\"Institut Fran\u00e7ais de J\u00e9rusalem\",\"description\":\"Romain Gary\",\"publisher\":{\"@id\":\"https:\/\/www.ifjerusalem-romaingary.org\/he\/#organization\"},\"potentialAction\":[{\"@type\":\"SearchAction\",\"target\":{\"@type\":\"EntryPoint\",\"urlTemplate\":\"https:\/\/www.ifjerusalem-romaingary.org\/he\/?s={search_term_string}\"},\"query-input\":{\"@type\":\"PropertyValueSpecification\",\"valueRequired\":true,\"valueName\":\"search_term_string\"}}],\"inLanguage\":\"he-IL\"},{\"@type\":\"Organization\",\"@id\":\"https:\/\/www.ifjerusalem-romaingary.org\/he\/#organization\",\"name\":\"Institut fran\u00e7ais de Jerusalem\",\"url\":\"https:\/\/www.ifjerusalem-romaingary.org\/he\/\",\"logo\":{\"@type\":\"ImageObject\",\"inLanguage\":\"he-IL\",\"@id\":\"https:\/\/www.ifjerusalem-romaingary.org\/he\/#\/schema\/logo\/image\/\",\"url\":\"https:\/\/www.ifjerusalem-romaingary.org\/wp-content\/uploads\/2020\/01\/logo-Cons-Jerusalem-IFJ-2016@2x.png\",\"contentUrl\":\"https:\/\/www.ifjerusalem-romaingary.org\/wp-content\/uploads\/2020\/01\/logo-Cons-Jerusalem-IFJ-2016@2x.png\",\"width\":480,\"height\":163,\"caption\":\"Institut fran\u00e7ais de Jerusalem\"},\"image\":{\"@id\":\"https:\/\/www.ifjerusalem-romaingary.org\/he\/#\/schema\/logo\/image\/\"},\"sameAs\":[\"https:\/\/www.facebook.com\/IFJGary\/\",\"https:\/\/x.com\/ifjromaingary\"]},{\"@type\":\"Person\",\"@id\":\"https:\/\/www.ifjerusalem-romaingary.org\/he\/#\/schema\/person\/b06f992e905d44ab25c255135229826d\",\"name\":\"La\u00ebtitia Segon\",\"image\":{\"@type\":\"ImageObject\",\"inLanguage\":\"he-IL\",\"@id\":\"https:\/\/www.ifjerusalem-romaingary.org\/he\/#\/schema\/person\/image\/\",\"url\":\"https:\/\/secure.gravatar.com\/avatar\/10dc9db98f30f231f24bd00eec5467c96fb141e3147d5291318c315e4395226c?s=96&d=mm&r=g\",\"contentUrl\":\"https:\/\/secure.gravatar.com\/avatar\/10dc9db98f30f231f24bd00eec5467c96fb141e3147d5291318c315e4395226c?s=96&d=mm&r=g\",\"caption\":\"La\u00ebtitia Segon\"}}]}<\/script>\n<!-- \/ Yoast SEO plugin. -->","yoast_head_json":{"title":"14\/02\/2018 | TH\u00c9\u00c2TRE | L'Angoisse du Roi Salomon - Institut Fran\u00e7ais de J\u00e9rusalem","robots":{"index":"index","follow":"follow","max-snippet":"max-snippet:-1","max-image-preview":"max-image-preview:large","max-video-preview":"max-video-preview:-1"},"canonical":"https:\/\/www.ifjerusalem-romaingary.org\/he\/14022018-theatre-langoisse-du-roi-salomon\/","og_locale":"he_IL","og_type":"article","og_title":"14\/02\/2018 | TH\u00c9\u00c2TRE | L'Angoisse du Roi Salomon - Institut Fran\u00e7ais de J\u00e9rusalem","og_description":"Une adaptation musicale de la pi\u00e8ce de th\u00e9\u00e2tre de Romain Gary !","og_url":"https:\/\/www.ifjerusalem-romaingary.org\/he\/14022018-theatre-langoisse-du-roi-salomon\/","og_site_name":"Institut Fran\u00e7ais de J\u00e9rusalem","article_publisher":"https:\/\/www.facebook.com\/IFJGary\/","article_published_time":"2018-02-07T14:59:52+00:00","article_modified_time":"2018-02-15T07:41:45+00:00","og_image":[{"width":666,"height":205,"url":"https:\/\/www.ifjerusalem-romaingary.org\/wp-content\/uploads\/2018\/02\/institut-francais-jerusalem-romain-gary-salomon.jpg","type":"image\/jpeg"}],"author":"La\u00ebtitia Segon","twitter_card":"summary_large_image","twitter_creator":"@ifjromaingary","twitter_site":"@ifjromaingary","twitter_misc":{"\u05e0\u05db\u05ea\u05d1 \u05e2\u05dc \u05d9\u05d3":"La\u00ebtitia Segon","\u05d6\u05de\u05df \u05e7\u05e8\u05d9\u05d0\u05d4 \u05de\u05d5\u05e2\u05e8\u05da":"\u05d3\u05e7\u05d41"},"schema":{"@context":"https:\/\/schema.org","@graph":[{"@type":"Article","@id":"https:\/\/www.ifjerusalem-romaingary.org\/he\/14022018-theatre-langoisse-du-roi-salomon\/#article","isPartOf":{"@id":"https:\/\/www.ifjerusalem-romaingary.org\/he\/14022018-theatre-langoisse-du-roi-salomon\/"},"author":{"name":"La\u00ebtitia Segon","@id":"https:\/\/www.ifjerusalem-romaingary.org\/he\/#\/schema\/person\/b06f992e905d44ab25c255135229826d"},"headline":"14\/02\/2018 | TH\u00c9\u00c2TRE | L'Angoisse du Roi Salomon","datePublished":"2018-02-07T14:59:52+00:00","dateModified":"2018-02-15T07:41:45+00:00","mainEntityOfPage":{"@id":"https:\/\/www.ifjerusalem-romaingary.org\/he\/14022018-theatre-langoisse-du-roi-salomon\/"},"wordCount":171,"commentCount":0,"publisher":{"@id":"https:\/\/www.ifjerusalem-romaingary.org\/he\/#organization"},"image":{"@id":"https:\/\/www.ifjerusalem-romaingary.org\/he\/14022018-theatre-langoisse-du-roi-salomon\/#primaryimage"},"thumbnailUrl":"https:\/\/www.ifjerusalem-romaingary.org\/wp-content\/uploads\/2018\/02\/institut-francais-jerusalem-romain-gary-salomon.jpg","articleSection":["Agenda culturel","Arts vivants"],"inLanguage":"he-IL"},{"@type":"WebPage","@id":"https:\/\/www.ifjerusalem-romaingary.org\/he\/14022018-theatre-langoisse-du-roi-salomon\/","url":"https:\/\/www.ifjerusalem-romaingary.org\/he\/14022018-theatre-langoisse-du-roi-salomon\/","name":"14\/02\/2018 | TH\u00c9\u00c2TRE | L'Angoisse du Roi Salomon - Institut Fran\u00e7ais de J\u00e9rusalem","isPartOf":{"@id":"https:\/\/www.ifjerusalem-romaingary.org\/he\/#website"},"primaryImageOfPage":{"@id":"https:\/\/www.ifjerusalem-romaingary.org\/he\/14022018-theatre-langoisse-du-roi-salomon\/#primaryimage"},"image":{"@id":"https:\/\/www.ifjerusalem-romaingary.org\/he\/14022018-theatre-langoisse-du-roi-salomon\/#primaryimage"},"thumbnailUrl":"https:\/\/www.ifjerusalem-romaingary.org\/wp-content\/uploads\/2018\/02\/institut-francais-jerusalem-romain-gary-salomon.jpg","datePublished":"2018-02-07T14:59:52+00:00","dateModified":"2018-02-15T07:41:45+00:00","breadcrumb":{"@id":"https:\/\/www.ifjerusalem-romaingary.org\/he\/14022018-theatre-langoisse-du-roi-salomon\/#breadcrumb"},"inLanguage":"he-IL","potentialAction":[{"@type":"ReadAction","target":["https:\/\/www.ifjerusalem-romaingary.org\/he\/14022018-theatre-langoisse-du-roi-salomon\/"]}]},{"@type":"ImageObject","inLanguage":"he-IL","@id":"https:\/\/www.ifjerusalem-romaingary.org\/he\/14022018-theatre-langoisse-du-roi-salomon\/#primaryimage","url":"https:\/\/www.ifjerusalem-romaingary.org\/wp-content\/uploads\/2018\/02\/institut-francais-jerusalem-romain-gary-salomon.jpg","contentUrl":"https:\/\/www.ifjerusalem-romaingary.org\/wp-content\/uploads\/2018\/02\/institut-francais-jerusalem-romain-gary-salomon.jpg","width":666,"height":205},{"@type":"BreadcrumbList","@id":"https:\/\/www.ifjerusalem-romaingary.org\/he\/14022018-theatre-langoisse-du-roi-salomon\/#breadcrumb","itemListElement":[{"@type":"ListItem","position":1,"name":"Accueil","item":"https:\/\/www.ifjerusalem-romaingary.org\/he\/accueil\/"},{"@type":"ListItem","position":2,"name":"14\/02\/2018 | TH\u00c9\u00c2TRE | L&rsquo;Angoisse du Roi Salomon"}]},{"@type":"WebSite","@id":"https:\/\/www.ifjerusalem-romaingary.org\/he\/#website","url":"https:\/\/www.ifjerusalem-romaingary.org\/he\/","name":"Institut Fran\u00e7ais de J\u00e9rusalem","description":"Romain Gary","publisher":{"@id":"https:\/\/www.ifjerusalem-romaingary.org\/he\/#organization"},"potentialAction":[{"@type":"SearchAction","target":{"@type":"EntryPoint","urlTemplate":"https:\/\/www.ifjerusalem-romaingary.org\/he\/?s={search_term_string}"},"query-input":{"@type":"PropertyValueSpecification","valueRequired":true,"valueName":"search_term_string"}}],"inLanguage":"he-IL"},{"@type":"Organization","@id":"https:\/\/www.ifjerusalem-romaingary.org\/he\/#organization","name":"Institut fran\u00e7ais de Jerusalem","url":"https:\/\/www.ifjerusalem-romaingary.org\/he\/","logo":{"@type":"ImageObject","inLanguage":"he-IL","@id":"https:\/\/www.ifjerusalem-romaingary.org\/he\/#\/schema\/logo\/image\/","url":"https:\/\/www.ifjerusalem-romaingary.org\/wp-content\/uploads\/2020\/01\/logo-Cons-Jerusalem-IFJ-2016@2x.png","contentUrl":"https:\/\/www.ifjerusalem-romaingary.org\/wp-content\/uploads\/2020\/01\/logo-Cons-Jerusalem-IFJ-2016@2x.png","width":480,"height":163,"caption":"Institut fran\u00e7ais de Jerusalem"},"image":{"@id":"https:\/\/www.ifjerusalem-romaingary.org\/he\/#\/schema\/logo\/image\/"},"sameAs":["https:\/\/www.facebook.com\/IFJGary\/","https:\/\/x.com\/ifjromaingary"]},{"@type":"Person","@id":"https:\/\/www.ifjerusalem-romaingary.org\/he\/#\/schema\/person\/b06f992e905d44ab25c255135229826d","name":"La\u00ebtitia Segon","image":{"@type":"ImageObject","inLanguage":"he-IL","@id":"https:\/\/www.ifjerusalem-romaingary.org\/he\/#\/schema\/person\/image\/","url":"https:\/\/secure.gravatar.com\/avatar\/10dc9db98f30f231f24bd00eec5467c96fb141e3147d5291318c315e4395226c?s=96&d=mm&r=g","contentUrl":"https:\/\/secure.gravatar.com\/avatar\/10dc9db98f30f231f24bd00eec5467c96fb141e3147d5291318c315e4395226c?s=96&d=mm&r=g","caption":"La\u00ebtitia Segon"}}]}},"_links":{"self":[{"href":"https:\/\/www.ifjerusalem-romaingary.org\/he\/wp-json\/wp\/v2\/posts\/2944","targetHints":{"allow":["GET"]}}],"collection":[{"href":"https:\/\/www.ifjerusalem-romaingary.org\/he\/wp-json\/wp\/v2\/posts"}],"about":[{"href":"https:\/\/www.ifjerusalem-romaingary.org\/he\/wp-json\/wp\/v2\/types\/post"}],"author":[{"embeddable":true,"href":"https:\/\/www.ifjerusalem-romaingary.org\/he\/wp-json\/wp\/v2\/users\/2"}],"replies":[{"embeddable":true,"href":"https:\/\/www.ifjerusalem-romaingary.org\/he\/wp-json\/wp\/v2\/comments?post=2944"}],"version-history":[{"count":5,"href":"https:\/\/www.ifjerusalem-romaingary.org\/he\/wp-json\/wp\/v2\/posts\/2944\/revisions"}],"predecessor-version":[{"id":2954,"href":"https:\/\/www.ifjerusalem-romaingary.org\/he\/wp-json\/wp\/v2\/posts\/2944\/revisions\/2954"}],"wp:featuredmedia":[{"embeddable":true,"href":"https:\/\/www.ifjerusalem-romaingary.org\/he\/wp-json\/wp\/v2\/media\/2945"}],"wp:attachment":[{"href":"https:\/\/www.ifjerusalem-romaingary.org\/he\/wp-json\/wp\/v2\/media?parent=2944"}],"wp:term":[{"taxonomy":"category","embeddable":true,"href":"https:\/\/www.ifjerusalem-romaingary.org\/he\/wp-json\/wp\/v2\/categories?post=2944"},{"taxonomy":"post_tag","embeddable":true,"href":"https:\/\/www.ifjerusalem-romaingary.org\/he\/wp-json\/wp\/v2\/tags?post=2944"}],"curies":[{"name":"wp","href":"https:\/\/api.w.org\/{rel}","templated":true}]}}