{"id":3036,"date":"2018-02-28T16:09:21","date_gmt":"2018-02-28T14:09:21","guid":{"rendered":"http:\/\/ifjerusalem-romaingary.org\/19032018-rdv-mediatheque-thierry-grillet\/"},"modified":"2019-09-09T17:36:08","modified_gmt":"2019-09-09T14:36:08","slug":"19032018-rdv-mediatheque-thierry-grillet","status":"publish","type":"post","link":"https:\/\/www.ifjerusalem-romaingary.org\/he\/19032018-rdv-mediatheque-thierry-grillet\/","title":{"rendered":"19\/03\/2018 | RDV M\u00c9DIATH\u00c8QUE | Thierry Grillet"},"content":{"rendered":"<p>Un invit\u00e9 de marque \u00e0 l'occasion de la <strong>Semaine de la Francophonie<\/strong> !<!--more--><\/p>\n<p>L'Institut fran\u00e7ais de J\u00e9rusalem est tr\u00e8s heureux d'accueillir <strong><span style=\"color: #3e647e;\">Thierry Grillet<\/span><\/strong>, \u00e9crivain et essayiste, pour une tourn\u00e9e au sein de son r\u00e9seau.<\/p>\n<p>Ancien \u00e9l\u00e8ve de l'\u00c9cole Normale Sup\u00e9rieure (Lettres classiques), de l\u2019Inalco (Mongol) et dipl\u00f4m\u00e9 de l\u2019EHESS (sociologie des mouvements sociaux), <strong><span style=\"color: #3e647e;\">Thierry Grillet<\/span><\/strong> a \u00e9t\u00e9 journaliste chroniqueur \u00ab\u00a0culture-id\u00e9es\u00a0\u00bb chez <em>Le Monde<\/em>, <em>Lib\u00e9ration<\/em>, <em>Le<\/em>\u00a0<em>Nouvel Observateur<\/em>, <em>Les Inrockuptibles<\/em>.<\/p>\n<p>Responsable des d\u00e9bats pour un groupe de journaux europ\u00e9ens (<em>La repubblica, El Pais, S\u00fcddeutsche Zeitung, The Independant<\/em>), chroniqueur r\u00e9gulier chez\u00a0<em>Polka magazine<\/em> (Alain Genestar), il est directeur de la diffusion culturelle et r\u00e9dacteur en chef de la revue scientifique de la <a href=\"http:\/\/www.bnf.fr\/fr\/acc\/x.accueil.html\"><u>Biblioth\u00e8que nationale de France<\/u><\/a>. Il a \u00e9galement \u00e9t\u00e9 producteur \u00e0 France Culture, ainsi que commissaire ou membre du conseil scientifique de nombreuses expositions (<em>Le Seigneur des anneaux<\/em> \u00e0 la Biblioth\u00e8que nationale de France, <em>Babel<\/em> au Mucem, <em>Eden<\/em> au Mus\u00e9e de Deauville, etc.)<\/p>\n<p><strong><span style=\"color: #3e647e;\">Thierry Grillet<\/span><\/strong> a par ailleurs enseign\u00e9 douze ans \u00e0 l'Institut d'\u00c9tudes Politiques de Paris, en culture g\u00e9n\u00e9rale. C'est dans ce cadre, tout naturellement, qu'il a publi\u00e9 en octobre 2017 un coffret en trois volumes : <strong><em><span style=\"color: #3e647e;\">Les 300 films, livres, musiques, \u00e0 d\u00e9couvrir, aimer et faire aimer<\/span><\/em><\/strong>, aux \u00e9ditions <a href=\"https:\/\/www.lisez.com\/first-editions\/28\"><u>First<\/u><\/a>.\u00a0La musique de Bob Dylan ou celle de Beethoven, les textes de Flaubert ou ceux de Houellebecq, le cin\u00e9ma de Truffaut ou celui de Tim Burton r\u00e9sonnent en chacun de nous, r\u00e9veillant un souvenir, une rencontre, une \u00e9motion&#8230; Amoureux des arts, d\u00e9sireux de transmettre sa passion pour les \u0153uvres qui le font vibrer, p\u00e9pites inattendues ou chefs-d'\u0153uvre incontest\u00e9s, Thierry Grillet stimule dans ce coffret notre curiosit\u00e9 !&#8230;<\/p>\n<p>&#8230; Il nous en parlera <strong><span style=\"color: #3e647e;\">LUNDI 19 MARS, \u00e0 18h30<\/span><\/strong>, dans le cadre d'une conf\u00e9rence qui portera sur la culture g\u00e9n\u00e9rale, cette exception fran\u00e7aise&#8230;<\/p>\n<p><strong><span style=\"color: #3e647e;\">En quoi nous importe la culture g\u00e9n\u00e9rale ? Quel sens l\u2019acquisition de ce curieux savoir, fier de n\u2019en \u00eatre pas un, a-t-il et a-t-il pu avoir ? Comment consid\u00e9rer ce que la culture fait \u00e0 notre corps, \u00e0 notre esprit ? Qu\u2019est-ce qui est chang\u00e9 dans notre relation \u00e0 la culture dans la disponibilit\u00e9 de cette m\u00e9moire infinie en fragments qu\u2019est le <em>web<\/em> ? Cette conf\u00e9rence d\u2019auteur tentera de donner quelques \u00e9clairages contemporains sur une notion tout \u00e0 la fois bien \u00e9trange et bien fran\u00e7aise&#8230;\u00a0<\/span><\/strong><\/p>\n<p>Rejoignez-nous \u00e0 l'IFJ &#8211; antenne Romain Gary pour ce moment qui promet d'\u00eatre des plus stimulants ! <strong><span style=\"color: #3e647e;\">\u00c0 l'issue de sa pr\u00e9sentation, Thierry Grillet d\u00e9dicacera son <a href=\"https:\/\/www.pourlesnuls.fr\/livres\/culture-generale\/les-300-livres-films-musiques-decouvrir-aimer-et-faire-aimer-pour-les-nuls\"><u>ouvrage<\/u><\/a>.<\/span><\/strong><\/p>\n<p><strong>Entr\u00e9e libre, rencontre en fran\u00e7ais.<\/strong><br \/>\n<strong>Nous vous conseillons vivement de r\u00e9server vos places pour cet \u00e9v\u00e9nement !<br \/>\nPour ce faire, contactez-nous au 02.6243156 #2.<\/strong><\/p>\n<p><a href=\"http:\/\/ifjerusalem-romaingary.org\/wp-content\/uploads\/2018\/02\/institut-francais-jerusalem-romain-gary-francophonie.jpg\"><img decoding=\"async\" class=\"alignnone wp-image-2996\" src=\"http:\/\/ifjerusalem-romaingary.org\/wp-content\/uploads\/2018\/02\/institut-francais-jerusalem-romain-gary-francophonie-300x128.jpg\" alt=\"\" width=\"155\" height=\"66\" srcset=\"https:\/\/www.ifjerusalem-romaingary.org\/wp-content\/uploads\/2018\/02\/institut-francais-jerusalem-romain-gary-francophonie-300x128.jpg 300w, https:\/\/www.ifjerusalem-romaingary.org\/wp-content\/uploads\/2018\/02\/institut-francais-jerusalem-romain-gary-francophonie-768x328.jpg 768w, https:\/\/www.ifjerusalem-romaingary.org\/wp-content\/uploads\/2018\/02\/institut-francais-jerusalem-romain-gary-francophonie-1024x437.jpg 1024w, https:\/\/www.ifjerusalem-romaingary.org\/wp-content\/uploads\/2018\/02\/institut-francais-jerusalem-romain-gary-francophonie.jpg 1181w\" sizes=\"(max-width: 155px) 100vw, 155px\" \/><\/a>\u00a0 \u00a0 \u00a0 \u00a0<a href=\"https:\/\/www.facebook.com\/viceversalib\/\"><img decoding=\"async\" class=\"alignnone wp-image-2276\" src=\"http:\/\/ifjerusalem-romaingary.org\/wp-content\/uploads\/2017\/06\/institut-francais-jerusalem-romain-gary-concours-photo-viceversa.jpg\" alt=\"\" width=\"66\" height=\"68\" \/><\/a><\/p>\n","protected":false},"excerpt":{"rendered":"<p>Un invit\u00e9 de marque \u00e0 l'occasion de la Semaine de la Francophonie !<\/p>\n","protected":false},"author":2,"featured_media":2991,"comment_status":"open","ping_status":"closed","sticky":false,"template":"","format":"standard","meta":{"_exactmetrics_skip_tracking":false,"_exactmetrics_sitenote_active":false,"_exactmetrics_sitenote_note":"","_exactmetrics_sitenote_category":0,"footnotes":""},"categories":[100],"tags":[],"class_list":["post-3036","post","type-post","status-publish","format-standard","has-post-thumbnail","","category-100"],"yoast_head":"<!-- This site is optimized with the Yoast SEO plugin v26.6 - https:\/\/yoast.com\/wordpress\/plugins\/seo\/ -->\n<title>19\/03\/2018 | RDV M\u00c9DIATH\u00c8QUE | Thierry Grillet - Institut Fran\u00e7ais de J\u00e9rusalem<\/title>\n<meta name=\"robots\" content=\"index, follow, max-snippet:-1, max-image-preview:large, max-video-preview:-1\" \/>\n<link rel=\"canonical\" href=\"https:\/\/www.ifjerusalem-romaingary.org\/he\/19032018-rdv-mediatheque-thierry-grillet\/\" \/>\n<meta property=\"og:locale\" content=\"he_IL\" \/>\n<meta property=\"og:type\" content=\"article\" \/>\n<meta property=\"og:title\" content=\"19\/03\/2018 | RDV M\u00c9DIATH\u00c8QUE | Thierry Grillet - Institut Fran\u00e7ais de J\u00e9rusalem\" \/>\n<meta property=\"og:description\" content=\"Un invit\u00e9 de marque \u00e0 l&#039;occasion de la Semaine de la Francophonie !\" \/>\n<meta property=\"og:url\" content=\"https:\/\/www.ifjerusalem-romaingary.org\/he\/19032018-rdv-mediatheque-thierry-grillet\/\" \/>\n<meta property=\"og:site_name\" content=\"Institut Fran\u00e7ais de J\u00e9rusalem\" \/>\n<meta property=\"article:publisher\" content=\"https:\/\/www.facebook.com\/IFJGary\/\" \/>\n<meta property=\"article:published_time\" content=\"2018-02-28T14:09:21+00:00\" \/>\n<meta property=\"article:modified_time\" content=\"2019-09-09T14:36:08+00:00\" \/>\n<meta property=\"og:image\" content=\"https:\/\/www.ifjerusalem-romaingary.org\/wp-content\/uploads\/2018\/02\/institut-francais-jerusalem-romain-gary-thierry-grillet.png\" \/>\n\t<meta property=\"og:image:width\" content=\"1000\" \/>\n\t<meta property=\"og:image:height\" content=\"525\" \/>\n\t<meta property=\"og:image:type\" content=\"image\/png\" \/>\n<meta name=\"author\" content=\"La\u00ebtitia Segon\" \/>\n<meta name=\"twitter:card\" content=\"summary_large_image\" \/>\n<meta name=\"twitter:creator\" content=\"@ifjromaingary\" \/>\n<meta name=\"twitter:site\" content=\"@ifjromaingary\" \/>\n<meta name=\"twitter:label1\" content=\"\u05e0\u05db\u05ea\u05d1 \u05e2\u05dc \u05d9\u05d3\" \/>\n\t<meta name=\"twitter:data1\" content=\"La\u00ebtitia Segon\" \/>\n\t<meta name=\"twitter:label2\" content=\"\u05d6\u05de\u05df \u05e7\u05e8\u05d9\u05d0\u05d4 \u05de\u05d5\u05e2\u05e8\u05da\" \/>\n\t<meta name=\"twitter:data2\" content=\"2 \u05d3\u05e7\u05d5\u05ea\" \/>\n<script type=\"application\/ld+json\" class=\"yoast-schema-graph\">{\"@context\":\"https:\/\/schema.org\",\"@graph\":[{\"@type\":\"Article\",\"@id\":\"https:\/\/www.ifjerusalem-romaingary.org\/he\/19032018-rdv-mediatheque-thierry-grillet\/#article\",\"isPartOf\":{\"@id\":\"https:\/\/www.ifjerusalem-romaingary.org\/he\/19032018-rdv-mediatheque-thierry-grillet\/\"},\"author\":{\"name\":\"La\u00ebtitia Segon\",\"@id\":\"https:\/\/www.ifjerusalem-romaingary.org\/he\/#\/schema\/person\/b06f992e905d44ab25c255135229826d\"},\"headline\":\"19\/03\/2018 | RDV M\u00c9DIATH\u00c8QUE | Thierry Grillet\",\"datePublished\":\"2018-02-28T14:09:21+00:00\",\"dateModified\":\"2019-09-09T14:36:08+00:00\",\"mainEntityOfPage\":{\"@id\":\"https:\/\/www.ifjerusalem-romaingary.org\/he\/19032018-rdv-mediatheque-thierry-grillet\/\"},\"wordCount\":461,\"commentCount\":0,\"publisher\":{\"@id\":\"https:\/\/www.ifjerusalem-romaingary.org\/he\/#organization\"},\"image\":{\"@id\":\"https:\/\/www.ifjerusalem-romaingary.org\/he\/19032018-rdv-mediatheque-thierry-grillet\/#primaryimage\"},\"thumbnailUrl\":\"https:\/\/www.ifjerusalem-romaingary.org\/wp-content\/uploads\/2018\/02\/institut-francais-jerusalem-romain-gary-thierry-grillet.png\",\"articleSection\":[\"\u05e7\u05d5\u05dc\u05e0\u05d5\u05e2\"],\"inLanguage\":\"he-IL\"},{\"@type\":\"WebPage\",\"@id\":\"https:\/\/www.ifjerusalem-romaingary.org\/he\/19032018-rdv-mediatheque-thierry-grillet\/\",\"url\":\"https:\/\/www.ifjerusalem-romaingary.org\/he\/19032018-rdv-mediatheque-thierry-grillet\/\",\"name\":\"19\/03\/2018 | RDV M\u00c9DIATH\u00c8QUE | Thierry Grillet - Institut Fran\u00e7ais de J\u00e9rusalem\",\"isPartOf\":{\"@id\":\"https:\/\/www.ifjerusalem-romaingary.org\/he\/#website\"},\"primaryImageOfPage\":{\"@id\":\"https:\/\/www.ifjerusalem-romaingary.org\/he\/19032018-rdv-mediatheque-thierry-grillet\/#primaryimage\"},\"image\":{\"@id\":\"https:\/\/www.ifjerusalem-romaingary.org\/he\/19032018-rdv-mediatheque-thierry-grillet\/#primaryimage\"},\"thumbnailUrl\":\"https:\/\/www.ifjerusalem-romaingary.org\/wp-content\/uploads\/2018\/02\/institut-francais-jerusalem-romain-gary-thierry-grillet.png\",\"datePublished\":\"2018-02-28T14:09:21+00:00\",\"dateModified\":\"2019-09-09T14:36:08+00:00\",\"breadcrumb\":{\"@id\":\"https:\/\/www.ifjerusalem-romaingary.org\/he\/19032018-rdv-mediatheque-thierry-grillet\/#breadcrumb\"},\"inLanguage\":\"he-IL\",\"potentialAction\":[{\"@type\":\"ReadAction\",\"target\":[\"https:\/\/www.ifjerusalem-romaingary.org\/he\/19032018-rdv-mediatheque-thierry-grillet\/\"]}]},{\"@type\":\"ImageObject\",\"inLanguage\":\"he-IL\",\"@id\":\"https:\/\/www.ifjerusalem-romaingary.org\/he\/19032018-rdv-mediatheque-thierry-grillet\/#primaryimage\",\"url\":\"https:\/\/www.ifjerusalem-romaingary.org\/wp-content\/uploads\/2018\/02\/institut-francais-jerusalem-romain-gary-thierry-grillet.png\",\"contentUrl\":\"https:\/\/www.ifjerusalem-romaingary.org\/wp-content\/uploads\/2018\/02\/institut-francais-jerusalem-romain-gary-thierry-grillet.png\",\"width\":1000,\"height\":525},{\"@type\":\"BreadcrumbList\",\"@id\":\"https:\/\/www.ifjerusalem-romaingary.org\/he\/19032018-rdv-mediatheque-thierry-grillet\/#breadcrumb\",\"itemListElement\":[{\"@type\":\"ListItem\",\"position\":1,\"name\":\"Accueil\",\"item\":\"https:\/\/www.ifjerusalem-romaingary.org\/he\/accueil\/\"},{\"@type\":\"ListItem\",\"position\":2,\"name\":\"19\/03\/2018 | RDV M\u00c9DIATH\u00c8QUE | Thierry Grillet\"}]},{\"@type\":\"WebSite\",\"@id\":\"https:\/\/www.ifjerusalem-romaingary.org\/he\/#website\",\"url\":\"https:\/\/www.ifjerusalem-romaingary.org\/he\/\",\"name\":\"Institut Fran\u00e7ais de J\u00e9rusalem\",\"description\":\"Romain Gary\",\"publisher\":{\"@id\":\"https:\/\/www.ifjerusalem-romaingary.org\/he\/#organization\"},\"potentialAction\":[{\"@type\":\"SearchAction\",\"target\":{\"@type\":\"EntryPoint\",\"urlTemplate\":\"https:\/\/www.ifjerusalem-romaingary.org\/he\/?s={search_term_string}\"},\"query-input\":{\"@type\":\"PropertyValueSpecification\",\"valueRequired\":true,\"valueName\":\"search_term_string\"}}],\"inLanguage\":\"he-IL\"},{\"@type\":\"Organization\",\"@id\":\"https:\/\/www.ifjerusalem-romaingary.org\/he\/#organization\",\"name\":\"Institut fran\u00e7ais de Jerusalem\",\"url\":\"https:\/\/www.ifjerusalem-romaingary.org\/he\/\",\"logo\":{\"@type\":\"ImageObject\",\"inLanguage\":\"he-IL\",\"@id\":\"https:\/\/www.ifjerusalem-romaingary.org\/he\/#\/schema\/logo\/image\/\",\"url\":\"https:\/\/www.ifjerusalem-romaingary.org\/wp-content\/uploads\/2020\/01\/logo-Cons-Jerusalem-IFJ-2016@2x.png\",\"contentUrl\":\"https:\/\/www.ifjerusalem-romaingary.org\/wp-content\/uploads\/2020\/01\/logo-Cons-Jerusalem-IFJ-2016@2x.png\",\"width\":480,\"height\":163,\"caption\":\"Institut fran\u00e7ais de Jerusalem\"},\"image\":{\"@id\":\"https:\/\/www.ifjerusalem-romaingary.org\/he\/#\/schema\/logo\/image\/\"},\"sameAs\":[\"https:\/\/www.facebook.com\/IFJGary\/\",\"https:\/\/x.com\/ifjromaingary\"]},{\"@type\":\"Person\",\"@id\":\"https:\/\/www.ifjerusalem-romaingary.org\/he\/#\/schema\/person\/b06f992e905d44ab25c255135229826d\",\"name\":\"La\u00ebtitia Segon\",\"image\":{\"@type\":\"ImageObject\",\"inLanguage\":\"he-IL\",\"@id\":\"https:\/\/www.ifjerusalem-romaingary.org\/he\/#\/schema\/person\/image\/\",\"url\":\"https:\/\/secure.gravatar.com\/avatar\/10dc9db98f30f231f24bd00eec5467c96fb141e3147d5291318c315e4395226c?s=96&d=mm&r=g\",\"contentUrl\":\"https:\/\/secure.gravatar.com\/avatar\/10dc9db98f30f231f24bd00eec5467c96fb141e3147d5291318c315e4395226c?s=96&d=mm&r=g\",\"caption\":\"La\u00ebtitia Segon\"}}]}<\/script>\n<!-- \/ Yoast SEO plugin. -->","yoast_head_json":{"title":"19\/03\/2018 | RDV M\u00c9DIATH\u00c8QUE | Thierry Grillet - Institut Fran\u00e7ais de J\u00e9rusalem","robots":{"index":"index","follow":"follow","max-snippet":"max-snippet:-1","max-image-preview":"max-image-preview:large","max-video-preview":"max-video-preview:-1"},"canonical":"https:\/\/www.ifjerusalem-romaingary.org\/he\/19032018-rdv-mediatheque-thierry-grillet\/","og_locale":"he_IL","og_type":"article","og_title":"19\/03\/2018 | RDV M\u00c9DIATH\u00c8QUE | Thierry Grillet - Institut Fran\u00e7ais de J\u00e9rusalem","og_description":"Un invit\u00e9 de marque \u00e0 l'occasion de la Semaine de la Francophonie !","og_url":"https:\/\/www.ifjerusalem-romaingary.org\/he\/19032018-rdv-mediatheque-thierry-grillet\/","og_site_name":"Institut Fran\u00e7ais de J\u00e9rusalem","article_publisher":"https:\/\/www.facebook.com\/IFJGary\/","article_published_time":"2018-02-28T14:09:21+00:00","article_modified_time":"2019-09-09T14:36:08+00:00","og_image":[{"width":1000,"height":525,"url":"https:\/\/www.ifjerusalem-romaingary.org\/wp-content\/uploads\/2018\/02\/institut-francais-jerusalem-romain-gary-thierry-grillet.png","type":"image\/png"}],"author":"La\u00ebtitia Segon","twitter_card":"summary_large_image","twitter_creator":"@ifjromaingary","twitter_site":"@ifjromaingary","twitter_misc":{"\u05e0\u05db\u05ea\u05d1 \u05e2\u05dc \u05d9\u05d3":"La\u00ebtitia Segon","\u05d6\u05de\u05df \u05e7\u05e8\u05d9\u05d0\u05d4 \u05de\u05d5\u05e2\u05e8\u05da":"2 \u05d3\u05e7\u05d5\u05ea"},"schema":{"@context":"https:\/\/schema.org","@graph":[{"@type":"Article","@id":"https:\/\/www.ifjerusalem-romaingary.org\/he\/19032018-rdv-mediatheque-thierry-grillet\/#article","isPartOf":{"@id":"https:\/\/www.ifjerusalem-romaingary.org\/he\/19032018-rdv-mediatheque-thierry-grillet\/"},"author":{"name":"La\u00ebtitia Segon","@id":"https:\/\/www.ifjerusalem-romaingary.org\/he\/#\/schema\/person\/b06f992e905d44ab25c255135229826d"},"headline":"19\/03\/2018 | RDV M\u00c9DIATH\u00c8QUE | Thierry Grillet","datePublished":"2018-02-28T14:09:21+00:00","dateModified":"2019-09-09T14:36:08+00:00","mainEntityOfPage":{"@id":"https:\/\/www.ifjerusalem-romaingary.org\/he\/19032018-rdv-mediatheque-thierry-grillet\/"},"wordCount":461,"commentCount":0,"publisher":{"@id":"https:\/\/www.ifjerusalem-romaingary.org\/he\/#organization"},"image":{"@id":"https:\/\/www.ifjerusalem-romaingary.org\/he\/19032018-rdv-mediatheque-thierry-grillet\/#primaryimage"},"thumbnailUrl":"https:\/\/www.ifjerusalem-romaingary.org\/wp-content\/uploads\/2018\/02\/institut-francais-jerusalem-romain-gary-thierry-grillet.png","articleSection":["\u05e7\u05d5\u05dc\u05e0\u05d5\u05e2"],"inLanguage":"he-IL"},{"@type":"WebPage","@id":"https:\/\/www.ifjerusalem-romaingary.org\/he\/19032018-rdv-mediatheque-thierry-grillet\/","url":"https:\/\/www.ifjerusalem-romaingary.org\/he\/19032018-rdv-mediatheque-thierry-grillet\/","name":"19\/03\/2018 | RDV M\u00c9DIATH\u00c8QUE | Thierry Grillet - Institut Fran\u00e7ais de J\u00e9rusalem","isPartOf":{"@id":"https:\/\/www.ifjerusalem-romaingary.org\/he\/#website"},"primaryImageOfPage":{"@id":"https:\/\/www.ifjerusalem-romaingary.org\/he\/19032018-rdv-mediatheque-thierry-grillet\/#primaryimage"},"image":{"@id":"https:\/\/www.ifjerusalem-romaingary.org\/he\/19032018-rdv-mediatheque-thierry-grillet\/#primaryimage"},"thumbnailUrl":"https:\/\/www.ifjerusalem-romaingary.org\/wp-content\/uploads\/2018\/02\/institut-francais-jerusalem-romain-gary-thierry-grillet.png","datePublished":"2018-02-28T14:09:21+00:00","dateModified":"2019-09-09T14:36:08+00:00","breadcrumb":{"@id":"https:\/\/www.ifjerusalem-romaingary.org\/he\/19032018-rdv-mediatheque-thierry-grillet\/#breadcrumb"},"inLanguage":"he-IL","potentialAction":[{"@type":"ReadAction","target":["https:\/\/www.ifjerusalem-romaingary.org\/he\/19032018-rdv-mediatheque-thierry-grillet\/"]}]},{"@type":"ImageObject","inLanguage":"he-IL","@id":"https:\/\/www.ifjerusalem-romaingary.org\/he\/19032018-rdv-mediatheque-thierry-grillet\/#primaryimage","url":"https:\/\/www.ifjerusalem-romaingary.org\/wp-content\/uploads\/2018\/02\/institut-francais-jerusalem-romain-gary-thierry-grillet.png","contentUrl":"https:\/\/www.ifjerusalem-romaingary.org\/wp-content\/uploads\/2018\/02\/institut-francais-jerusalem-romain-gary-thierry-grillet.png","width":1000,"height":525},{"@type":"BreadcrumbList","@id":"https:\/\/www.ifjerusalem-romaingary.org\/he\/19032018-rdv-mediatheque-thierry-grillet\/#breadcrumb","itemListElement":[{"@type":"ListItem","position":1,"name":"Accueil","item":"https:\/\/www.ifjerusalem-romaingary.org\/he\/accueil\/"},{"@type":"ListItem","position":2,"name":"19\/03\/2018 | RDV M\u00c9DIATH\u00c8QUE | Thierry Grillet"}]},{"@type":"WebSite","@id":"https:\/\/www.ifjerusalem-romaingary.org\/he\/#website","url":"https:\/\/www.ifjerusalem-romaingary.org\/he\/","name":"Institut Fran\u00e7ais de J\u00e9rusalem","description":"Romain Gary","publisher":{"@id":"https:\/\/www.ifjerusalem-romaingary.org\/he\/#organization"},"potentialAction":[{"@type":"SearchAction","target":{"@type":"EntryPoint","urlTemplate":"https:\/\/www.ifjerusalem-romaingary.org\/he\/?s={search_term_string}"},"query-input":{"@type":"PropertyValueSpecification","valueRequired":true,"valueName":"search_term_string"}}],"inLanguage":"he-IL"},{"@type":"Organization","@id":"https:\/\/www.ifjerusalem-romaingary.org\/he\/#organization","name":"Institut fran\u00e7ais de Jerusalem","url":"https:\/\/www.ifjerusalem-romaingary.org\/he\/","logo":{"@type":"ImageObject","inLanguage":"he-IL","@id":"https:\/\/www.ifjerusalem-romaingary.org\/he\/#\/schema\/logo\/image\/","url":"https:\/\/www.ifjerusalem-romaingary.org\/wp-content\/uploads\/2020\/01\/logo-Cons-Jerusalem-IFJ-2016@2x.png","contentUrl":"https:\/\/www.ifjerusalem-romaingary.org\/wp-content\/uploads\/2020\/01\/logo-Cons-Jerusalem-IFJ-2016@2x.png","width":480,"height":163,"caption":"Institut fran\u00e7ais de Jerusalem"},"image":{"@id":"https:\/\/www.ifjerusalem-romaingary.org\/he\/#\/schema\/logo\/image\/"},"sameAs":["https:\/\/www.facebook.com\/IFJGary\/","https:\/\/x.com\/ifjromaingary"]},{"@type":"Person","@id":"https:\/\/www.ifjerusalem-romaingary.org\/he\/#\/schema\/person\/b06f992e905d44ab25c255135229826d","name":"La\u00ebtitia Segon","image":{"@type":"ImageObject","inLanguage":"he-IL","@id":"https:\/\/www.ifjerusalem-romaingary.org\/he\/#\/schema\/person\/image\/","url":"https:\/\/secure.gravatar.com\/avatar\/10dc9db98f30f231f24bd00eec5467c96fb141e3147d5291318c315e4395226c?s=96&d=mm&r=g","contentUrl":"https:\/\/secure.gravatar.com\/avatar\/10dc9db98f30f231f24bd00eec5467c96fb141e3147d5291318c315e4395226c?s=96&d=mm&r=g","caption":"La\u00ebtitia Segon"}}]}},"_links":{"self":[{"href":"https:\/\/www.ifjerusalem-romaingary.org\/he\/wp-json\/wp\/v2\/posts\/3036","targetHints":{"allow":["GET"]}}],"collection":[{"href":"https:\/\/www.ifjerusalem-romaingary.org\/he\/wp-json\/wp\/v2\/posts"}],"about":[{"href":"https:\/\/www.ifjerusalem-romaingary.org\/he\/wp-json\/wp\/v2\/types\/post"}],"author":[{"embeddable":true,"href":"https:\/\/www.ifjerusalem-romaingary.org\/he\/wp-json\/wp\/v2\/users\/2"}],"replies":[{"embeddable":true,"href":"https:\/\/www.ifjerusalem-romaingary.org\/he\/wp-json\/wp\/v2\/comments?post=3036"}],"version-history":[{"count":1,"href":"https:\/\/www.ifjerusalem-romaingary.org\/he\/wp-json\/wp\/v2\/posts\/3036\/revisions"}],"predecessor-version":[{"id":3042,"href":"https:\/\/www.ifjerusalem-romaingary.org\/he\/wp-json\/wp\/v2\/posts\/3036\/revisions\/3042"}],"wp:featuredmedia":[{"embeddable":true,"href":"https:\/\/www.ifjerusalem-romaingary.org\/he\/wp-json\/wp\/v2\/media\/2991"}],"wp:attachment":[{"href":"https:\/\/www.ifjerusalem-romaingary.org\/he\/wp-json\/wp\/v2\/media?parent=3036"}],"wp:term":[{"taxonomy":"category","embeddable":true,"href":"https:\/\/www.ifjerusalem-romaingary.org\/he\/wp-json\/wp\/v2\/categories?post=3036"},{"taxonomy":"post_tag","embeddable":true,"href":"https:\/\/www.ifjerusalem-romaingary.org\/he\/wp-json\/wp\/v2\/tags?post=3036"}],"curies":[{"name":"wp","href":"https:\/\/api.w.org\/{rel}","templated":true}]}}