{"id":5021,"date":"2019-02-11T13:27:32","date_gmt":"2019-02-11T11:27:32","guid":{"rendered":"http:\/\/ifjerusalem-romaingary.org\/?p=5021"},"modified":"2019-05-22T12:01:19","modified_gmt":"2019-05-22T09:01:19","slug":"atelier-de-cirque-avec-caio-sorana-et-clement-malin","status":"publish","type":"post","link":"https:\/\/www.ifjerusalem-romaingary.org\/he\/atelier-de-cirque-avec-caio-sorana-et-clement-malin\/","title":{"rendered":"Atelier de Cirque avec Caio Sorana et Cl\u00e9ment Malin !"},"content":{"rendered":"<p>Mardi 12 f\u00e9vrier de 17h \u00e0 18h | Initiation au jonglage et l'acrobatie pour les jeunes de 7 \u00e0 15 ans !<!--more--><\/p>\n<p>Les artistes Caio Sorana et Cl\u00e9ment Malin animent un atelier de\u00a0cirque (jonglage et acrobatie)\u00a0\u00a0ce mardi 12 f\u00e9vrier de 17h \u00e0 18h,\u00a0 \u00e0 la m\u00e9diath\u00e8que de l'IFJ &#8211; Romain Gary.<br \/>\nCet atelier est destin\u00e9 aux jeunes (enfants et adolescents), de 7 \u00e0 15 ans.<\/p>\n<p><img decoding=\"async\" class=\"alignnone size-medium wp-image-5022\" src=\"http:\/\/ifjerusalem-romaingary.org\/wp-content\/uploads\/2019\/02\/2014-10-14_ENvolDeSaison1415-184-300x214.jpg\" alt=\"\" width=\"300\" height=\"214\" srcset=\"https:\/\/www.ifjerusalem-romaingary.org\/wp-content\/uploads\/2019\/02\/2014-10-14_ENvolDeSaison1415-184-300x214.jpg 300w, https:\/\/www.ifjerusalem-romaingary.org\/wp-content\/uploads\/2019\/02\/2014-10-14_ENvolDeSaison1415-184-768x549.jpg 768w, https:\/\/www.ifjerusalem-romaingary.org\/wp-content\/uploads\/2019\/02\/2014-10-14_ENvolDeSaison1415-184-1024x731.jpg 1024w\" sizes=\"(max-width: 300px) 100vw, 300px\" \/><br \/>\nCaio Sorana et Cl\u00e9ment Malin, se sont rencontr\u00e9s \u00e0 l'Acad\u00e9mie Fratellini o\u00f9 ils ont \u00e9tudi\u00e9 ensemble avant de fonder, en 2015 leur compagnie de cirque contemporain.<br \/>\nIls tournent depuis diff\u00e9rents spectacles m\u00ealant acrobatie et jonglages, en rue comme en salle.<\/p>\n<p>PAF : 30 ILS<br \/>\nR\u00e9servations : 02.624.3156 #2<br \/>\nGratuit pour les \u00e9l\u00e8ves de l'atelier th\u00e9\u00e2tre de l'IFJ et les adh\u00e9rents.<\/p>\n","protected":false},"excerpt":{"rendered":"<p>Mardi 12 f\u00e9vrier de 17h \u00e0 18h | Initiation au jonglage et l'acrobatie pour les jeunes de 7 \u00e0 15 ans !<\/p>\n","protected":false},"author":5,"featured_media":5024,"comment_status":"closed","ping_status":"closed","sticky":false,"template":"","format":"standard","meta":{"_exactmetrics_skip_tracking":false,"_exactmetrics_sitenote_active":false,"_exactmetrics_sitenote_note":"","_exactmetrics_sitenote_category":0,"footnotes":""},"categories":[95],"tags":[],"class_list":["post-5021","post","type-post","status-publish","format-standard","has-post-thumbnail","","category-arts-vivants"],"yoast_head":"<!-- This site is optimized with the Yoast SEO plugin v26.6 - https:\/\/yoast.com\/wordpress\/plugins\/seo\/ -->\n<title>Atelier de Cirque avec Caio Sorana et Cl\u00e9ment Malin ! - Institut Fran\u00e7ais de J\u00e9rusalem<\/title>\n<meta name=\"robots\" content=\"index, follow, max-snippet:-1, max-image-preview:large, max-video-preview:-1\" \/>\n<link rel=\"canonical\" href=\"https:\/\/www.ifjerusalem-romaingary.org\/he\/atelier-de-cirque-avec-caio-sorana-et-clement-malin\/\" \/>\n<meta property=\"og:locale\" content=\"he_IL\" \/>\n<meta property=\"og:type\" content=\"article\" \/>\n<meta property=\"og:title\" content=\"Atelier de Cirque avec Caio Sorana et Cl\u00e9ment Malin ! - Institut Fran\u00e7ais de J\u00e9rusalem\" \/>\n<meta property=\"og:description\" content=\"Mardi 12 f\u00e9vrier de 17h \u00e0 18h | Initiation au jonglage et l&#039;acrobatie pour les jeunes de 7 \u00e0 15 ans !\" \/>\n<meta property=\"og:url\" content=\"https:\/\/www.ifjerusalem-romaingary.org\/he\/atelier-de-cirque-avec-caio-sorana-et-clement-malin\/\" \/>\n<meta property=\"og:site_name\" content=\"Institut Fran\u00e7ais de J\u00e9rusalem\" \/>\n<meta property=\"article:publisher\" content=\"https:\/\/www.facebook.com\/IFJGary\/\" \/>\n<meta property=\"article:published_time\" content=\"2019-02-11T11:27:32+00:00\" \/>\n<meta property=\"article:modified_time\" content=\"2019-05-22T09:01:19+00:00\" \/>\n<meta property=\"og:image\" content=\"https:\/\/www.ifjerusalem-romaingary.org\/wp-content\/uploads\/2019\/02\/SITE-INBOX.png\" \/>\n\t<meta property=\"og:image:width\" content=\"1375\" \/>\n\t<meta property=\"og:image:height\" content=\"688\" \/>\n\t<meta property=\"og:image:type\" content=\"image\/png\" \/>\n<meta name=\"author\" content=\"Ludivine Henry\" \/>\n<meta name=\"twitter:card\" content=\"summary_large_image\" \/>\n<meta name=\"twitter:creator\" content=\"@ifjromaingary\" \/>\n<meta name=\"twitter:site\" content=\"@ifjromaingary\" \/>\n<meta name=\"twitter:label1\" content=\"\u05e0\u05db\u05ea\u05d1 \u05e2\u05dc \u05d9\u05d3\" \/>\n\t<meta name=\"twitter:data1\" content=\"Ludivine Henry\" \/>\n\t<meta name=\"twitter:label2\" content=\"\u05d6\u05de\u05df \u05e7\u05e8\u05d9\u05d0\u05d4 \u05de\u05d5\u05e2\u05e8\u05da\" \/>\n\t<meta name=\"twitter:data2\" content=\"\u05d3\u05e7\u05d41\" \/>\n<script type=\"application\/ld+json\" class=\"yoast-schema-graph\">{\"@context\":\"https:\/\/schema.org\",\"@graph\":[{\"@type\":\"Article\",\"@id\":\"https:\/\/www.ifjerusalem-romaingary.org\/he\/atelier-de-cirque-avec-caio-sorana-et-clement-malin\/#article\",\"isPartOf\":{\"@id\":\"https:\/\/www.ifjerusalem-romaingary.org\/he\/atelier-de-cirque-avec-caio-sorana-et-clement-malin\/\"},\"author\":{\"name\":\"Ludivine Henry\",\"@id\":\"https:\/\/www.ifjerusalem-romaingary.org\/he\/#\/schema\/person\/dbbc5fc867b0eb1edaf408346ae0dd23\"},\"headline\":\"Atelier de Cirque avec Caio Sorana et Cl\u00e9ment Malin !\",\"datePublished\":\"2019-02-11T11:27:32+00:00\",\"dateModified\":\"2019-05-22T09:01:19+00:00\",\"mainEntityOfPage\":{\"@id\":\"https:\/\/www.ifjerusalem-romaingary.org\/he\/atelier-de-cirque-avec-caio-sorana-et-clement-malin\/\"},\"wordCount\":131,\"publisher\":{\"@id\":\"https:\/\/www.ifjerusalem-romaingary.org\/he\/#organization\"},\"image\":{\"@id\":\"https:\/\/www.ifjerusalem-romaingary.org\/he\/atelier-de-cirque-avec-caio-sorana-et-clement-malin\/#primaryimage\"},\"thumbnailUrl\":\"https:\/\/www.ifjerusalem-romaingary.org\/wp-content\/uploads\/2019\/02\/SITE-INBOX.png\",\"articleSection\":[\"Arts vivants\"],\"inLanguage\":\"he-IL\"},{\"@type\":\"WebPage\",\"@id\":\"https:\/\/www.ifjerusalem-romaingary.org\/he\/atelier-de-cirque-avec-caio-sorana-et-clement-malin\/\",\"url\":\"https:\/\/www.ifjerusalem-romaingary.org\/he\/atelier-de-cirque-avec-caio-sorana-et-clement-malin\/\",\"name\":\"Atelier de Cirque avec Caio Sorana et Cl\u00e9ment Malin ! - Institut Fran\u00e7ais de J\u00e9rusalem\",\"isPartOf\":{\"@id\":\"https:\/\/www.ifjerusalem-romaingary.org\/he\/#website\"},\"primaryImageOfPage\":{\"@id\":\"https:\/\/www.ifjerusalem-romaingary.org\/he\/atelier-de-cirque-avec-caio-sorana-et-clement-malin\/#primaryimage\"},\"image\":{\"@id\":\"https:\/\/www.ifjerusalem-romaingary.org\/he\/atelier-de-cirque-avec-caio-sorana-et-clement-malin\/#primaryimage\"},\"thumbnailUrl\":\"https:\/\/www.ifjerusalem-romaingary.org\/wp-content\/uploads\/2019\/02\/SITE-INBOX.png\",\"datePublished\":\"2019-02-11T11:27:32+00:00\",\"dateModified\":\"2019-05-22T09:01:19+00:00\",\"breadcrumb\":{\"@id\":\"https:\/\/www.ifjerusalem-romaingary.org\/he\/atelier-de-cirque-avec-caio-sorana-et-clement-malin\/#breadcrumb\"},\"inLanguage\":\"he-IL\",\"potentialAction\":[{\"@type\":\"ReadAction\",\"target\":[\"https:\/\/www.ifjerusalem-romaingary.org\/he\/atelier-de-cirque-avec-caio-sorana-et-clement-malin\/\"]}]},{\"@type\":\"ImageObject\",\"inLanguage\":\"he-IL\",\"@id\":\"https:\/\/www.ifjerusalem-romaingary.org\/he\/atelier-de-cirque-avec-caio-sorana-et-clement-malin\/#primaryimage\",\"url\":\"https:\/\/www.ifjerusalem-romaingary.org\/wp-content\/uploads\/2019\/02\/SITE-INBOX.png\",\"contentUrl\":\"https:\/\/www.ifjerusalem-romaingary.org\/wp-content\/uploads\/2019\/02\/SITE-INBOX.png\",\"width\":1375,\"height\":688},{\"@type\":\"BreadcrumbList\",\"@id\":\"https:\/\/www.ifjerusalem-romaingary.org\/he\/atelier-de-cirque-avec-caio-sorana-et-clement-malin\/#breadcrumb\",\"itemListElement\":[{\"@type\":\"ListItem\",\"position\":1,\"name\":\"Accueil\",\"item\":\"https:\/\/www.ifjerusalem-romaingary.org\/he\/accueil\/\"},{\"@type\":\"ListItem\",\"position\":2,\"name\":\"Atelier de Cirque avec Caio Sorana et Cl\u00e9ment Malin !\"}]},{\"@type\":\"WebSite\",\"@id\":\"https:\/\/www.ifjerusalem-romaingary.org\/he\/#website\",\"url\":\"https:\/\/www.ifjerusalem-romaingary.org\/he\/\",\"name\":\"Institut Fran\u00e7ais de J\u00e9rusalem\",\"description\":\"Romain Gary\",\"publisher\":{\"@id\":\"https:\/\/www.ifjerusalem-romaingary.org\/he\/#organization\"},\"potentialAction\":[{\"@type\":\"SearchAction\",\"target\":{\"@type\":\"EntryPoint\",\"urlTemplate\":\"https:\/\/www.ifjerusalem-romaingary.org\/he\/?s={search_term_string}\"},\"query-input\":{\"@type\":\"PropertyValueSpecification\",\"valueRequired\":true,\"valueName\":\"search_term_string\"}}],\"inLanguage\":\"he-IL\"},{\"@type\":\"Organization\",\"@id\":\"https:\/\/www.ifjerusalem-romaingary.org\/he\/#organization\",\"name\":\"Institut fran\u00e7ais de Jerusalem\",\"url\":\"https:\/\/www.ifjerusalem-romaingary.org\/he\/\",\"logo\":{\"@type\":\"ImageObject\",\"inLanguage\":\"he-IL\",\"@id\":\"https:\/\/www.ifjerusalem-romaingary.org\/he\/#\/schema\/logo\/image\/\",\"url\":\"https:\/\/www.ifjerusalem-romaingary.org\/wp-content\/uploads\/2020\/01\/logo-Cons-Jerusalem-IFJ-2016@2x.png\",\"contentUrl\":\"https:\/\/www.ifjerusalem-romaingary.org\/wp-content\/uploads\/2020\/01\/logo-Cons-Jerusalem-IFJ-2016@2x.png\",\"width\":480,\"height\":163,\"caption\":\"Institut fran\u00e7ais de Jerusalem\"},\"image\":{\"@id\":\"https:\/\/www.ifjerusalem-romaingary.org\/he\/#\/schema\/logo\/image\/\"},\"sameAs\":[\"https:\/\/www.facebook.com\/IFJGary\/\",\"https:\/\/x.com\/ifjromaingary\"]},{\"@type\":\"Person\",\"@id\":\"https:\/\/www.ifjerusalem-romaingary.org\/he\/#\/schema\/person\/dbbc5fc867b0eb1edaf408346ae0dd23\",\"name\":\"Ludivine Henry\",\"image\":{\"@type\":\"ImageObject\",\"inLanguage\":\"he-IL\",\"@id\":\"https:\/\/www.ifjerusalem-romaingary.org\/he\/#\/schema\/person\/image\/\",\"url\":\"https:\/\/secure.gravatar.com\/avatar\/86d6c5b5a5133aa0c29755b95c9d21753807a09ca8c31f9dd2c5e876e4e3cb8f?s=96&d=mm&r=g\",\"contentUrl\":\"https:\/\/secure.gravatar.com\/avatar\/86d6c5b5a5133aa0c29755b95c9d21753807a09ca8c31f9dd2c5e876e4e3cb8f?s=96&d=mm&r=g\",\"caption\":\"Ludivine Henry\"}}]}<\/script>\n<!-- \/ Yoast SEO plugin. -->","yoast_head_json":{"title":"Atelier de Cirque avec Caio Sorana et Cl\u00e9ment Malin ! - Institut Fran\u00e7ais de J\u00e9rusalem","robots":{"index":"index","follow":"follow","max-snippet":"max-snippet:-1","max-image-preview":"max-image-preview:large","max-video-preview":"max-video-preview:-1"},"canonical":"https:\/\/www.ifjerusalem-romaingary.org\/he\/atelier-de-cirque-avec-caio-sorana-et-clement-malin\/","og_locale":"he_IL","og_type":"article","og_title":"Atelier de Cirque avec Caio Sorana et Cl\u00e9ment Malin ! - Institut Fran\u00e7ais de J\u00e9rusalem","og_description":"Mardi 12 f\u00e9vrier de 17h \u00e0 18h | Initiation au jonglage et l'acrobatie pour les jeunes de 7 \u00e0 15 ans !","og_url":"https:\/\/www.ifjerusalem-romaingary.org\/he\/atelier-de-cirque-avec-caio-sorana-et-clement-malin\/","og_site_name":"Institut Fran\u00e7ais de J\u00e9rusalem","article_publisher":"https:\/\/www.facebook.com\/IFJGary\/","article_published_time":"2019-02-11T11:27:32+00:00","article_modified_time":"2019-05-22T09:01:19+00:00","og_image":[{"width":1375,"height":688,"url":"https:\/\/www.ifjerusalem-romaingary.org\/wp-content\/uploads\/2019\/02\/SITE-INBOX.png","type":"image\/png"}],"author":"Ludivine Henry","twitter_card":"summary_large_image","twitter_creator":"@ifjromaingary","twitter_site":"@ifjromaingary","twitter_misc":{"\u05e0\u05db\u05ea\u05d1 \u05e2\u05dc \u05d9\u05d3":"Ludivine Henry","\u05d6\u05de\u05df \u05e7\u05e8\u05d9\u05d0\u05d4 \u05de\u05d5\u05e2\u05e8\u05da":"\u05d3\u05e7\u05d41"},"schema":{"@context":"https:\/\/schema.org","@graph":[{"@type":"Article","@id":"https:\/\/www.ifjerusalem-romaingary.org\/he\/atelier-de-cirque-avec-caio-sorana-et-clement-malin\/#article","isPartOf":{"@id":"https:\/\/www.ifjerusalem-romaingary.org\/he\/atelier-de-cirque-avec-caio-sorana-et-clement-malin\/"},"author":{"name":"Ludivine Henry","@id":"https:\/\/www.ifjerusalem-romaingary.org\/he\/#\/schema\/person\/dbbc5fc867b0eb1edaf408346ae0dd23"},"headline":"Atelier de Cirque avec Caio Sorana et Cl\u00e9ment Malin !","datePublished":"2019-02-11T11:27:32+00:00","dateModified":"2019-05-22T09:01:19+00:00","mainEntityOfPage":{"@id":"https:\/\/www.ifjerusalem-romaingary.org\/he\/atelier-de-cirque-avec-caio-sorana-et-clement-malin\/"},"wordCount":131,"publisher":{"@id":"https:\/\/www.ifjerusalem-romaingary.org\/he\/#organization"},"image":{"@id":"https:\/\/www.ifjerusalem-romaingary.org\/he\/atelier-de-cirque-avec-caio-sorana-et-clement-malin\/#primaryimage"},"thumbnailUrl":"https:\/\/www.ifjerusalem-romaingary.org\/wp-content\/uploads\/2019\/02\/SITE-INBOX.png","articleSection":["Arts vivants"],"inLanguage":"he-IL"},{"@type":"WebPage","@id":"https:\/\/www.ifjerusalem-romaingary.org\/he\/atelier-de-cirque-avec-caio-sorana-et-clement-malin\/","url":"https:\/\/www.ifjerusalem-romaingary.org\/he\/atelier-de-cirque-avec-caio-sorana-et-clement-malin\/","name":"Atelier de Cirque avec Caio Sorana et Cl\u00e9ment Malin ! - Institut Fran\u00e7ais de J\u00e9rusalem","isPartOf":{"@id":"https:\/\/www.ifjerusalem-romaingary.org\/he\/#website"},"primaryImageOfPage":{"@id":"https:\/\/www.ifjerusalem-romaingary.org\/he\/atelier-de-cirque-avec-caio-sorana-et-clement-malin\/#primaryimage"},"image":{"@id":"https:\/\/www.ifjerusalem-romaingary.org\/he\/atelier-de-cirque-avec-caio-sorana-et-clement-malin\/#primaryimage"},"thumbnailUrl":"https:\/\/www.ifjerusalem-romaingary.org\/wp-content\/uploads\/2019\/02\/SITE-INBOX.png","datePublished":"2019-02-11T11:27:32+00:00","dateModified":"2019-05-22T09:01:19+00:00","breadcrumb":{"@id":"https:\/\/www.ifjerusalem-romaingary.org\/he\/atelier-de-cirque-avec-caio-sorana-et-clement-malin\/#breadcrumb"},"inLanguage":"he-IL","potentialAction":[{"@type":"ReadAction","target":["https:\/\/www.ifjerusalem-romaingary.org\/he\/atelier-de-cirque-avec-caio-sorana-et-clement-malin\/"]}]},{"@type":"ImageObject","inLanguage":"he-IL","@id":"https:\/\/www.ifjerusalem-romaingary.org\/he\/atelier-de-cirque-avec-caio-sorana-et-clement-malin\/#primaryimage","url":"https:\/\/www.ifjerusalem-romaingary.org\/wp-content\/uploads\/2019\/02\/SITE-INBOX.png","contentUrl":"https:\/\/www.ifjerusalem-romaingary.org\/wp-content\/uploads\/2019\/02\/SITE-INBOX.png","width":1375,"height":688},{"@type":"BreadcrumbList","@id":"https:\/\/www.ifjerusalem-romaingary.org\/he\/atelier-de-cirque-avec-caio-sorana-et-clement-malin\/#breadcrumb","itemListElement":[{"@type":"ListItem","position":1,"name":"Accueil","item":"https:\/\/www.ifjerusalem-romaingary.org\/he\/accueil\/"},{"@type":"ListItem","position":2,"name":"Atelier de Cirque avec Caio Sorana et Cl\u00e9ment Malin !"}]},{"@type":"WebSite","@id":"https:\/\/www.ifjerusalem-romaingary.org\/he\/#website","url":"https:\/\/www.ifjerusalem-romaingary.org\/he\/","name":"Institut Fran\u00e7ais de J\u00e9rusalem","description":"Romain Gary","publisher":{"@id":"https:\/\/www.ifjerusalem-romaingary.org\/he\/#organization"},"potentialAction":[{"@type":"SearchAction","target":{"@type":"EntryPoint","urlTemplate":"https:\/\/www.ifjerusalem-romaingary.org\/he\/?s={search_term_string}"},"query-input":{"@type":"PropertyValueSpecification","valueRequired":true,"valueName":"search_term_string"}}],"inLanguage":"he-IL"},{"@type":"Organization","@id":"https:\/\/www.ifjerusalem-romaingary.org\/he\/#organization","name":"Institut fran\u00e7ais de Jerusalem","url":"https:\/\/www.ifjerusalem-romaingary.org\/he\/","logo":{"@type":"ImageObject","inLanguage":"he-IL","@id":"https:\/\/www.ifjerusalem-romaingary.org\/he\/#\/schema\/logo\/image\/","url":"https:\/\/www.ifjerusalem-romaingary.org\/wp-content\/uploads\/2020\/01\/logo-Cons-Jerusalem-IFJ-2016@2x.png","contentUrl":"https:\/\/www.ifjerusalem-romaingary.org\/wp-content\/uploads\/2020\/01\/logo-Cons-Jerusalem-IFJ-2016@2x.png","width":480,"height":163,"caption":"Institut fran\u00e7ais de Jerusalem"},"image":{"@id":"https:\/\/www.ifjerusalem-romaingary.org\/he\/#\/schema\/logo\/image\/"},"sameAs":["https:\/\/www.facebook.com\/IFJGary\/","https:\/\/x.com\/ifjromaingary"]},{"@type":"Person","@id":"https:\/\/www.ifjerusalem-romaingary.org\/he\/#\/schema\/person\/dbbc5fc867b0eb1edaf408346ae0dd23","name":"Ludivine Henry","image":{"@type":"ImageObject","inLanguage":"he-IL","@id":"https:\/\/www.ifjerusalem-romaingary.org\/he\/#\/schema\/person\/image\/","url":"https:\/\/secure.gravatar.com\/avatar\/86d6c5b5a5133aa0c29755b95c9d21753807a09ca8c31f9dd2c5e876e4e3cb8f?s=96&d=mm&r=g","contentUrl":"https:\/\/secure.gravatar.com\/avatar\/86d6c5b5a5133aa0c29755b95c9d21753807a09ca8c31f9dd2c5e876e4e3cb8f?s=96&d=mm&r=g","caption":"Ludivine Henry"}}]}},"_links":{"self":[{"href":"https:\/\/www.ifjerusalem-romaingary.org\/he\/wp-json\/wp\/v2\/posts\/5021","targetHints":{"allow":["GET"]}}],"collection":[{"href":"https:\/\/www.ifjerusalem-romaingary.org\/he\/wp-json\/wp\/v2\/posts"}],"about":[{"href":"https:\/\/www.ifjerusalem-romaingary.org\/he\/wp-json\/wp\/v2\/types\/post"}],"author":[{"embeddable":true,"href":"https:\/\/www.ifjerusalem-romaingary.org\/he\/wp-json\/wp\/v2\/users\/5"}],"replies":[{"embeddable":true,"href":"https:\/\/www.ifjerusalem-romaingary.org\/he\/wp-json\/wp\/v2\/comments?post=5021"}],"version-history":[{"count":1,"href":"https:\/\/www.ifjerusalem-romaingary.org\/he\/wp-json\/wp\/v2\/posts\/5021\/revisions"}],"predecessor-version":[{"id":5026,"href":"https:\/\/www.ifjerusalem-romaingary.org\/he\/wp-json\/wp\/v2\/posts\/5021\/revisions\/5026"}],"wp:featuredmedia":[{"embeddable":true,"href":"https:\/\/www.ifjerusalem-romaingary.org\/he\/wp-json\/wp\/v2\/media\/5024"}],"wp:attachment":[{"href":"https:\/\/www.ifjerusalem-romaingary.org\/he\/wp-json\/wp\/v2\/media?parent=5021"}],"wp:term":[{"taxonomy":"category","embeddable":true,"href":"https:\/\/www.ifjerusalem-romaingary.org\/he\/wp-json\/wp\/v2\/categories?post=5021"},{"taxonomy":"post_tag","embeddable":true,"href":"https:\/\/www.ifjerusalem-romaingary.org\/he\/wp-json\/wp\/v2\/tags?post=5021"}],"curies":[{"name":"wp","href":"https:\/\/api.w.org\/{rel}","templated":true}]}}